{"id":1378,"date":"2017-08-03T19:56:09","date_gmt":"2017-08-03T19:56:09","guid":{"rendered":"http:\/\/alumine.gob.ar\/aluminenoticias\/?p=1378"},"modified":"2017-11-16T16:58:06","modified_gmt":"2017-11-16T16:58:06","slug":"semana-de-la-lactancia-materna","status":"publish","type":"post","link":"https:\/\/alumine.gob.ar\/aluminenoticias\/2017\/08\/03\/semana-de-la-lactancia-materna\/","title":{"rendered":"SEMANA DE LA LACTANCIA MATERNA"},"content":{"rendered":"<p>\u201cLa leche materna es el mejor alimento para el ni\u00f1o o ni\u00f1a y no tiene sustituto\u201d<\/p>\n<p>La Organizaci\u00f3n Mundial de la Salud expresa que del 1 al 7 de agosto se celebra en m\u00e1s de 170 pa\u00edses la Semana Mundial de la Lactancia Materna, destinada a fomentar dicha pr\u00e1ctica natural y a mejorar la salud de los beb\u00e9s de todo el mundo.<\/p>\n<div class=\"text_exposed_show\">\n<p>Alumin\u00e9 no est\u00e1 exento de esta convocatoria y desde la Secretar\u00eda de Desarrollo Humano nos parece de vital importancia recalcar esta fecha.<\/p>\n<p>La LACTANCIA es un proceso vital mediante el cual la madre provee un tejido vivo, parte de su cuerpo, que opera en respuesta a las demandas nutricionales, inmunol\u00f3gicas y emocionales espec\u00edficas del reci\u00e9n nacido.<\/p>\n<p>Es muy importante destacar que el contacto del reci\u00e9n nacido con la madre e inicio de la lactancia sea dentro de la primera hora de vida, dado que la duraci\u00f3n de la lactancia se asocia con la precocidad de este primer contacto.<\/p>\n<p>La LECHE MATERNA es el \u00fanico alimento que el ni\u00f1o o ni\u00f1a necesita para los primeros seis meses de vida.<\/p>\n<p>Dentro de los innumerables beneficios psicol\u00f3gicos y nutricionales podemos destacar: para el ni\u00f1o: mejor desarrollo psicomotor, emocional y social, desarrollo de una personalidad segura e independiente, menor incidencia de desnutrici\u00f3n, muerte s\u00fabita, enfermedad cel\u00edaca, protecci\u00f3n con obesidad, asociaci\u00f3n con Inteligencia Superior; y tambi\u00e9n para la madre: favorece el establecimiento del v\u00ednculo madre-hijo, refuerza la autoestima, menor sangrado postparto, mayor espaciamiento entre embarazos, menor riesgo de padecer c\u00e1ncer ginecol\u00f3gico, menor depresi\u00f3n postparto y m\u00e1s r\u00e1pida recuperaci\u00f3n f\u00edsica.<\/p>\n<p>Por esto y muchas cosas m\u00e1s nosotros le decimos \u00a1SI a la LACTANCIA MATERNA!, \u00bfUstedes?<\/p>\n<div id=\"u_jq_4\" class=\"uiScaledImageContainer _4-ep\"><img loading=\"lazy\" decoding=\"async\" class=\"scaledImageFitWidth img\" src=\"https:\/\/scontent.fscl5-1.fna.fbcdn.net\/v\/t1.0-9\/20604461_1506399936046881_8544626969562734493_n.jpg?oh=7f703e79b52d3f46b98ea31997a84599&amp;oe=5A8ED2B8\" alt=\"No hay texto alternativo autom\u00e1tico disponible.\" width=\"470\" height=\"450\" \/><\/div>\n<p>&nbsp;<\/p>\n<\/div>\n","protected":false},"excerpt":{"rendered":"<p>\u201cLa leche materna es el mejor alimento para el ni\u00f1o o ni\u00f1a y no tiene sustituto\u201d La Organizaci\u00f3n Mundial de la Salud expresa que del 1 al 7 de agosto se celebra en m\u00e1s&#46;&#46;&#46;<\/p>\n","protected":false},"author":2,"featured_media":0,"comment_status":"closed","ping_status":"closed","sticky":false,"template":"","format":"standard","meta":{"footnotes":"","_links_to":"","_links_to_target":""},"categories":[8,9,13],"tags":[],"class_list":["post-1378","post","type-post","status-publish","format-standard","hentry","category-general","category-municipales","category-sociales"],"jetpack_featured_media_url":"","_links":{"self":[{"href":"https:\/\/alumine.gob.ar\/aluminenoticias\/wp-json\/wp\/v2\/posts\/1378","targetHints":{"allow":["GET"]}}],"collection":[{"href":"https:\/\/alumine.gob.ar\/aluminenoticias\/wp-json\/wp\/v2\/posts"}],"about":[{"href":"https:\/\/alumine.gob.ar\/aluminenoticias\/wp-json\/wp\/v2\/types\/post"}],"author":[{"embeddable":true,"href":"https:\/\/alumine.gob.ar\/aluminenoticias\/wp-json\/wp\/v2\/users\/2"}],"replies":[{"embeddable":true,"href":"https:\/\/alumine.gob.ar\/aluminenoticias\/wp-json\/wp\/v2\/comments?post=1378"}],"version-history":[{"count":1,"href":"https:\/\/alumine.gob.ar\/aluminenoticias\/wp-json\/wp\/v2\/posts\/1378\/revisions"}],"predecessor-version":[{"id":1379,"href":"https:\/\/alumine.gob.ar\/aluminenoticias\/wp-json\/wp\/v2\/posts\/1378\/revisions\/1379"}],"wp:attachment":[{"href":"https:\/\/alumine.gob.ar\/aluminenoticias\/wp-json\/wp\/v2\/media?parent=1378"}],"wp:term":[{"taxonomy":"category","embeddable":true,"href":"https:\/\/alumine.gob.ar\/aluminenoticias\/wp-json\/wp\/v2\/categories?post=1378"},{"taxonomy":"post_tag","embeddable":true,"href":"https:\/\/alumine.gob.ar\/aluminenoticias\/wp-json\/wp\/v2\/tags?post=1378"}],"curies":[{"name":"wp","href":"https:\/\/api.w.org\/{rel}","templated":true}]}}