{"id":1383,"date":"2017-08-10T17:05:28","date_gmt":"2017-08-10T17:05:28","guid":{"rendered":"http:\/\/alumine.gob.ar\/aluminenoticias\/?p=1383"},"modified":"2017-11-16T17:09:26","modified_gmt":"2017-11-16T17:09:26","slug":"pausa-activa-en-desarrollo-humano","status":"publish","type":"post","link":"https:\/\/alumine.gob.ar\/aluminenoticias\/2017\/08\/10\/pausa-activa-en-desarrollo-humano\/","title":{"rendered":"PAUSA ACTIVA EN DESARROLLO HUMANO"},"content":{"rendered":"<p>En el marco de Entorno Saludable, se realiz\u00f3 en las oficinas de Desarrollo Humano \u201cPausa Activa\u201d. Se trata de un proyecto coordinado por la Nutricionista Olivia Nu\u00f1ez, perteneciente al equipo de la Secretar\u00eda de Desarrollo Humano de esta Municipalidad, contando con el apoyo permanente de la Direcci\u00f3n de Deportes a cargo de Antonela Tabares.<\/p>\n<p>Los adultos pasamos la mayor parte de nuestros d\u00edas en un ambiente laboral, por lo cual, para mejorar l<span class=\"text_exposed_show\">a salud y bienestar, es clave fomentar el desarrollo de espacios laborales que estimulen h\u00e1bitos saludables. La salud, la seguridad y el bienestar son fundamentales para los trabajadores y tambi\u00e9n para la productividad, competitividad de la instituci\u00f3n.<\/span><\/p>\n<div class=\"text_exposed_show\">\n<p>Por eso, es importante que el ambiente laboral sea un espacio que promueva actividades saludables que reduzcan los factores de riesgo de las Enfermedades Cr\u00f3nicas No Transmisibles (obesidad, diabetes, hipertensi\u00f3n, etc.)<\/p>\n<p>Como Municipalidad se parte de la base de que generar dichos espacios tiene beneficios a nivel personal y para la instituci\u00f3n. Como son:<br \/>\n&#8211; Mantenimiento y mejora de la salud y el bienestar de los integrantes de la instituci\u00f3n.<br \/>\n&#8211; Mejora de la imagen institucional (\u201cse preocupa por la salud de sus miembros\u201d).<br \/>\n&#8211; Aumento de la satisfacci\u00f3n de todos los trabajadores y trabajadoras por sentirse cuidados por la instituci\u00f3n.<br \/>\n&#8211; Mejora del desempe\u00f1o acad\u00e9mico y laboral.<br \/>\n&#8211; Motivaci\u00f3n, compromiso y desarrollo de un sentido de pertenencia.<\/p>\n<\/div>\n","protected":false},"excerpt":{"rendered":"<p>En el marco de Entorno Saludable, se realiz\u00f3 en las oficinas de Desarrollo Humano \u201cPausa Activa\u201d. Se trata de un proyecto coordinado por la Nutricionista Olivia Nu\u00f1ez, perteneciente al equipo de la Secretar\u00eda de&#46;&#46;&#46;<\/p>\n","protected":false},"author":2,"featured_media":1384,"comment_status":"closed","ping_status":"closed","sticky":false,"template":"","format":"standard","meta":{"footnotes":"","_links_to":"","_links_to_target":""},"categories":[4,6,9],"tags":[191],"class_list":["post-1383","post","type-post","status-publish","format-standard","has-post-thumbnail","hentry","category-actividades","category-deportes","category-municipales","tag-pausa-activa"],"jetpack_featured_media_url":"https:\/\/alumine.gob.ar\/aluminenoticias\/wp-content\/uploads\/2017\/11\/20776443_1514084138611794_401713362301336678_o.jpg","_links":{"self":[{"href":"https:\/\/alumine.gob.ar\/aluminenoticias\/wp-json\/wp\/v2\/posts\/1383","targetHints":{"allow":["GET"]}}],"collection":[{"href":"https:\/\/alumine.gob.ar\/aluminenoticias\/wp-json\/wp\/v2\/posts"}],"about":[{"href":"https:\/\/alumine.gob.ar\/aluminenoticias\/wp-json\/wp\/v2\/types\/post"}],"author":[{"embeddable":true,"href":"https:\/\/alumine.gob.ar\/aluminenoticias\/wp-json\/wp\/v2\/users\/2"}],"replies":[{"embeddable":true,"href":"https:\/\/alumine.gob.ar\/aluminenoticias\/wp-json\/wp\/v2\/comments?post=1383"}],"version-history":[{"count":1,"href":"https:\/\/alumine.gob.ar\/aluminenoticias\/wp-json\/wp\/v2\/posts\/1383\/revisions"}],"predecessor-version":[{"id":1385,"href":"https:\/\/alumine.gob.ar\/aluminenoticias\/wp-json\/wp\/v2\/posts\/1383\/revisions\/1385"}],"wp:featuredmedia":[{"embeddable":true,"href":"https:\/\/alumine.gob.ar\/aluminenoticias\/wp-json\/wp\/v2\/media\/1384"}],"wp:attachment":[{"href":"https:\/\/alumine.gob.ar\/aluminenoticias\/wp-json\/wp\/v2\/media?parent=1383"}],"wp:term":[{"taxonomy":"category","embeddable":true,"href":"https:\/\/alumine.gob.ar\/aluminenoticias\/wp-json\/wp\/v2\/categories?post=1383"},{"taxonomy":"post_tag","embeddable":true,"href":"https:\/\/alumine.gob.ar\/aluminenoticias\/wp-json\/wp\/v2\/tags?post=1383"}],"curies":[{"name":"wp","href":"https:\/\/api.w.org\/{rel}","templated":true}]}}