{"id":2038,"date":"2018-01-10T11:44:23","date_gmt":"2018-01-10T11:44:23","guid":{"rendered":"http:\/\/alumine.gob.ar\/aluminenoticias\/?p=2038"},"modified":"2018-05-16T13:48:46","modified_gmt":"2018-05-16T13:48:46","slug":"capacitacion-sobre-modulos-habitacionales","status":"publish","type":"post","link":"https:\/\/alumine.gob.ar\/aluminenoticias\/2018\/01\/10\/capacitacion-sobre-modulos-habitacionales\/","title":{"rendered":"CAPACITACION SOBRE MODULOS HABITACIONALES"},"content":{"rendered":"<p>Se realiz\u00f3 en nuestra localidad la capacitaci\u00f3n sobre m\u00f3dulos habitacionales con el objetivo de formar a agentes que ser\u00e1n los encargados de ejecutar las viviendas que se realizar\u00e1n en nuestro pueblo y en la zona rural.<\/p>\n<p>La capacitaci\u00f3n estuvo a cargo de personal de Corfone que llevar\u00e1n adelante el armado y el dise\u00f1o de los paneles para la construcci\u00f3n de dichas casas. Los inmuebles estar\u00e1n compuestos de 2 o 3 habitaciones.<\/p>\n<div class=\"text_exposed_show\">\n<p>La actividad fue coordinada por la Unidad Provincial Ejecutora a cargo de Miryam Beatriz Abojer, Eduardo Cervera, Corfone a trav\u00e9s del Ing. Mart\u00edn Martinez y por parte de la Municipalidad de Alumin\u00e9 estuvieron presentes el Intendente local Gabriel Alamo y el Director de Empleo Hern\u00e1n Rando.<\/p>\n<p>Rando destac\u00f3 que \u201ces importante saber que todas las personas capacitadas recibieron al finalizar su diploma el cual les permitir\u00e1 ser parte de la construcci\u00f3n ya que est\u00e1n habilitados por Corfone, quienes poseen el protocolo de construcci\u00f3n y ser\u00e1n los encargados de dicha obra\u201d.<\/p>\n<\/div>\n","protected":false},"excerpt":{"rendered":"<p>Se realiz\u00f3 en nuestra localidad la capacitaci\u00f3n sobre m\u00f3dulos habitacionales con el objetivo de formar a agentes que ser\u00e1n los encargados de ejecutar las viviendas que se realizar\u00e1n en nuestro pueblo y en la&#46;&#46;&#46;<\/p>\n","protected":false},"author":2,"featured_media":2039,"comment_status":"closed","ping_status":"closed","sticky":false,"template":"","format":"standard","meta":{"footnotes":"","_links_to":"","_links_to_target":""},"categories":[4,13],"tags":[216,232],"class_list":["post-2038","post","type-post","status-publish","format-standard","has-post-thumbnail","hentry","category-actividades","category-sociales","tag-capacitaciones","tag-modulos-habitacionales"],"jetpack_featured_media_url":"https:\/\/alumine.gob.ar\/aluminenoticias\/wp-content\/uploads\/2018\/05\/26232625_1661953043824902_8882213288022637961_o.jpg","_links":{"self":[{"href":"https:\/\/alumine.gob.ar\/aluminenoticias\/wp-json\/wp\/v2\/posts\/2038","targetHints":{"allow":["GET"]}}],"collection":[{"href":"https:\/\/alumine.gob.ar\/aluminenoticias\/wp-json\/wp\/v2\/posts"}],"about":[{"href":"https:\/\/alumine.gob.ar\/aluminenoticias\/wp-json\/wp\/v2\/types\/post"}],"author":[{"embeddable":true,"href":"https:\/\/alumine.gob.ar\/aluminenoticias\/wp-json\/wp\/v2\/users\/2"}],"replies":[{"embeddable":true,"href":"https:\/\/alumine.gob.ar\/aluminenoticias\/wp-json\/wp\/v2\/comments?post=2038"}],"version-history":[{"count":1,"href":"https:\/\/alumine.gob.ar\/aluminenoticias\/wp-json\/wp\/v2\/posts\/2038\/revisions"}],"predecessor-version":[{"id":2040,"href":"https:\/\/alumine.gob.ar\/aluminenoticias\/wp-json\/wp\/v2\/posts\/2038\/revisions\/2040"}],"wp:featuredmedia":[{"embeddable":true,"href":"https:\/\/alumine.gob.ar\/aluminenoticias\/wp-json\/wp\/v2\/media\/2039"}],"wp:attachment":[{"href":"https:\/\/alumine.gob.ar\/aluminenoticias\/wp-json\/wp\/v2\/media?parent=2038"}],"wp:term":[{"taxonomy":"category","embeddable":true,"href":"https:\/\/alumine.gob.ar\/aluminenoticias\/wp-json\/wp\/v2\/categories?post=2038"},{"taxonomy":"post_tag","embeddable":true,"href":"https:\/\/alumine.gob.ar\/aluminenoticias\/wp-json\/wp\/v2\/tags?post=2038"}],"curies":[{"name":"wp","href":"https:\/\/api.w.org\/{rel}","templated":true}]}}