{"id":2284,"date":"2018-03-17T10:12:12","date_gmt":"2018-03-17T10:12:12","guid":{"rendered":"http:\/\/alumine.gob.ar\/aluminenoticias\/?p=2284"},"modified":"2018-05-31T14:14:18","modified_gmt":"2018-05-31T14:14:18","slug":"nuestra-miel-en-2do-lugar","status":"publish","type":"post","link":"https:\/\/alumine.gob.ar\/aluminenoticias\/2018\/03\/17\/nuestra-miel-en-2do-lugar\/","title":{"rendered":"NUESTRA MIEL EN 2do LUGAR"},"content":{"rendered":"<p>La miel aluminense qued\u00f3 en segundo lugar en la categor\u00eda de mieles \u00e1mbar en la Expo Miel que congrega a apicultores de todo el Mercosur. Se presentaron 84 muestras.<\/p>\n<p>Por su parte el stand institucional recibi\u00f3 una fuerte promoci\u00f3n frente a cientos de personas que circularon por la fiesta.<\/p>\n<div class=\"text_exposed_show\">\n<p>Ya es el tercer a\u00f1o consecutivo en que Alumin\u00e9 participa del evento siempre con resultados destacables.<\/p>\n<p>El Intendente Gabriel Alamo festej\u00f3 la noticia y agradeci\u00f3 a los apicultores \u201cque se dedican a esta dif\u00edcil actividad, a los funcionarios que acompa\u00f1aron y promocionaron nuestro destino y al CFI por el aporte para el viaje\u201d.<\/p>\n<\/div>\n","protected":false},"excerpt":{"rendered":"<p>La miel aluminense qued\u00f3 en segundo lugar en la categor\u00eda de mieles \u00e1mbar en la Expo Miel que congrega a apicultores de todo el Mercosur. Se presentaron 84 muestras. Por su parte el stand&#46;&#46;&#46;<\/p>\n","protected":false},"author":2,"featured_media":2285,"comment_status":"closed","ping_status":"closed","sticky":false,"template":"","format":"standard","meta":{"footnotes":"","_links_to":"","_links_to_target":""},"categories":[4,5,8,9,13,14],"tags":[275,273,160],"class_list":["post-2284","post","type-post","status-publish","format-standard","has-post-thumbnail","hentry","category-actividades","category-cultural","category-general","category-municipales","category-sociales","category-turismo","tag-expo-miel","tag-macia","tag-miel-alumine"],"jetpack_featured_media_url":"https:\/\/alumine.gob.ar\/aluminenoticias\/wp-content\/uploads\/2018\/05\/29339815_1735625526457653_3319187877815910400_n.jpg","_links":{"self":[{"href":"https:\/\/alumine.gob.ar\/aluminenoticias\/wp-json\/wp\/v2\/posts\/2284","targetHints":{"allow":["GET"]}}],"collection":[{"href":"https:\/\/alumine.gob.ar\/aluminenoticias\/wp-json\/wp\/v2\/posts"}],"about":[{"href":"https:\/\/alumine.gob.ar\/aluminenoticias\/wp-json\/wp\/v2\/types\/post"}],"author":[{"embeddable":true,"href":"https:\/\/alumine.gob.ar\/aluminenoticias\/wp-json\/wp\/v2\/users\/2"}],"replies":[{"embeddable":true,"href":"https:\/\/alumine.gob.ar\/aluminenoticias\/wp-json\/wp\/v2\/comments?post=2284"}],"version-history":[{"count":1,"href":"https:\/\/alumine.gob.ar\/aluminenoticias\/wp-json\/wp\/v2\/posts\/2284\/revisions"}],"predecessor-version":[{"id":2286,"href":"https:\/\/alumine.gob.ar\/aluminenoticias\/wp-json\/wp\/v2\/posts\/2284\/revisions\/2286"}],"wp:featuredmedia":[{"embeddable":true,"href":"https:\/\/alumine.gob.ar\/aluminenoticias\/wp-json\/wp\/v2\/media\/2285"}],"wp:attachment":[{"href":"https:\/\/alumine.gob.ar\/aluminenoticias\/wp-json\/wp\/v2\/media?parent=2284"}],"wp:term":[{"taxonomy":"category","embeddable":true,"href":"https:\/\/alumine.gob.ar\/aluminenoticias\/wp-json\/wp\/v2\/categories?post=2284"},{"taxonomy":"post_tag","embeddable":true,"href":"https:\/\/alumine.gob.ar\/aluminenoticias\/wp-json\/wp\/v2\/tags?post=2284"}],"curies":[{"name":"wp","href":"https:\/\/api.w.org\/{rel}","templated":true}]}}