{"id":2310,"date":"2018-03-28T16:35:49","date_gmt":"2018-03-28T16:35:49","guid":{"rendered":"http:\/\/alumine.gob.ar\/aluminenoticias\/?p=2310"},"modified":"2018-07-31T15:38:16","modified_gmt":"2018-07-31T15:38:16","slug":"importante-reunion-con-provincia-por-municipio-saludable","status":"publish","type":"post","link":"https:\/\/alumine.gob.ar\/aluminenoticias\/2018\/03\/28\/importante-reunion-con-provincia-por-municipio-saludable\/","title":{"rendered":"IMPORTANTE REUNI\u00d3N CON PROVINCIA POR MUNICIPIO SALUDABLE"},"content":{"rendered":"<p>El Intendente Gabriel Alamo particip\u00f3 ayer de la primer reuni\u00f3n en el CFPA N\u00ba4 en el marco del programa de Municipios y Comunidades Saludables bajo el lema \u00abConstruyendo salud desde los territorios\u00bb.<\/p>\n<p><a href=\"http:\/\/alumine.gob.ar\/aluminenoticias\/wp-content\/uploads\/2018\/07\/29542439_1748834721803400_960456119273545880_n.jpg\" data-rel=\"lightbox-gallery-pqolHD1l\" data-rl_title=\"\" data-rl_caption=\"\" title=\"\"><img loading=\"lazy\" decoding=\"async\" class=\"alignnone size-medium wp-image-2311\" src=\"http:\/\/alumine.gob.ar\/aluminenoticias\/wp-content\/uploads\/2018\/07\/29542439_1748834721803400_960456119273545880_n-300x187.jpg\" alt=\"\" width=\"300\" height=\"187\" srcset=\"https:\/\/alumine.gob.ar\/aluminenoticias\/wp-content\/uploads\/2018\/07\/29542439_1748834721803400_960456119273545880_n-300x187.jpg 300w, https:\/\/alumine.gob.ar\/aluminenoticias\/wp-content\/uploads\/2018\/07\/29542439_1748834721803400_960456119273545880_n-768x479.jpg 768w, https:\/\/alumine.gob.ar\/aluminenoticias\/wp-content\/uploads\/2018\/07\/29542439_1748834721803400_960456119273545880_n.jpg 960w\" sizes=\"auto, (max-width: 300px) 100vw, 300px\" \/><\/a><\/p>\n<p>Estuvieron presentes diferentes instituciones y actores sociales del \u00e1rea de salud, educaci\u00f3n, polic\u00eda, gendarmer\u00eda, concejo deliberante, funcionarios municipales y desde provincia los referentes la red Flavia Puel y Luis M<span class=\"text_exposed_show\">art\u00ednez desde salud mental.<\/span><\/p>\n<div class=\"text_exposed_show\">\n<p>En el encuentro se presentaron los fundamentos del programa, la coordinadora del programa en la municipalidad Anah\u00ed Romero realiz\u00f3 un resumen de los avance que se pudieron lograr y se present\u00f3 el plan de trabajo para el a\u00f1o 2018. Adem\u00e1s se hizo especial hincapi\u00e9 en la necesidad de contar con el aporte de cada instituci\u00f3n para que este desaf\u00edo pueda seguir avanzando.<\/p>\n<\/div>\n","protected":false},"excerpt":{"rendered":"<p>El Intendente Gabriel Alamo particip\u00f3 ayer de la primer reuni\u00f3n en el CFPA N\u00ba4 en el marco del programa de Municipios y Comunidades Saludables bajo el lema \u00abConstruyendo salud desde los territorios\u00bb. Estuvieron presentes&#46;&#46;&#46;<\/p>\n","protected":false},"author":2,"featured_media":2312,"comment_status":"closed","ping_status":"closed","sticky":false,"template":"","format":"standard","meta":{"footnotes":"","_links_to":"","_links_to_target":""},"categories":[4,9,13],"tags":[32,279],"class_list":["post-2310","post","type-post","status-publish","format-standard","has-post-thumbnail","hentry","category-actividades","category-municipales","category-sociales","tag-gabriel-alamo","tag-municipio-saludable"],"jetpack_featured_media_url":"https:\/\/alumine.gob.ar\/aluminenoticias\/wp-content\/uploads\/2018\/07\/29694721_1748834625136743_5466779675208008552_n.jpg","_links":{"self":[{"href":"https:\/\/alumine.gob.ar\/aluminenoticias\/wp-json\/wp\/v2\/posts\/2310","targetHints":{"allow":["GET"]}}],"collection":[{"href":"https:\/\/alumine.gob.ar\/aluminenoticias\/wp-json\/wp\/v2\/posts"}],"about":[{"href":"https:\/\/alumine.gob.ar\/aluminenoticias\/wp-json\/wp\/v2\/types\/post"}],"author":[{"embeddable":true,"href":"https:\/\/alumine.gob.ar\/aluminenoticias\/wp-json\/wp\/v2\/users\/2"}],"replies":[{"embeddable":true,"href":"https:\/\/alumine.gob.ar\/aluminenoticias\/wp-json\/wp\/v2\/comments?post=2310"}],"version-history":[{"count":1,"href":"https:\/\/alumine.gob.ar\/aluminenoticias\/wp-json\/wp\/v2\/posts\/2310\/revisions"}],"predecessor-version":[{"id":2313,"href":"https:\/\/alumine.gob.ar\/aluminenoticias\/wp-json\/wp\/v2\/posts\/2310\/revisions\/2313"}],"wp:featuredmedia":[{"embeddable":true,"href":"https:\/\/alumine.gob.ar\/aluminenoticias\/wp-json\/wp\/v2\/media\/2312"}],"wp:attachment":[{"href":"https:\/\/alumine.gob.ar\/aluminenoticias\/wp-json\/wp\/v2\/media?parent=2310"}],"wp:term":[{"taxonomy":"category","embeddable":true,"href":"https:\/\/alumine.gob.ar\/aluminenoticias\/wp-json\/wp\/v2\/categories?post=2310"},{"taxonomy":"post_tag","embeddable":true,"href":"https:\/\/alumine.gob.ar\/aluminenoticias\/wp-json\/wp\/v2\/tags?post=2310"}],"curies":[{"name":"wp","href":"https:\/\/api.w.org\/{rel}","templated":true}]}}