{"id":2314,"date":"2018-03-29T16:38:46","date_gmt":"2018-03-29T16:38:46","guid":{"rendered":"http:\/\/alumine.gob.ar\/aluminenoticias\/?p=2314"},"modified":"2018-07-31T15:44:10","modified_gmt":"2018-07-31T15:44:10","slug":"plantacion-del-pehuen","status":"publish","type":"post","link":"https:\/\/alumine.gob.ar\/aluminenoticias\/2018\/03\/29\/plantacion-del-pehuen\/","title":{"rendered":"PLANTACI\u00d3N DEL PEHUEN"},"content":{"rendered":"<p>\u2022 Una multitud se congreg\u00f3 en la plaza General San Mart\u00edn para ser part\u00edcipes de la ceremonia m\u00e1s importante de la Fiesta del Pehuen: la plantaci\u00f3n del reto\u00f1o y el tayil mapuche recitado por Do\u00f1a Mar\u00eda Antonieta Painill\u00e1n de Aigo y Don Amaranto Aigo, oriundos de la comunidad Ruca Choroi. El Intendente de Alumin\u00e9, Gabriel Alamo, encabez\u00f3 hoy el acto planificado en torno a la tradicional plantaci\u00f3n del Pehuen, acompa\u00f1ado por la Subsecretaria de Producci\u00f3n de provincia Amalia Sapag, el coordinador del Consejo Zonal Pehuenche Lonco Daniel Salazar, la Presidenta del Concejo Deliberante, Mariela Guti\u00e9rrez, y una gran cantidad de instituciones, funcionarios, vecinos y turistas.<\/p>\n<p>Con este acto se da por comenzada la edici\u00f3n N\u00ba 30 de la Fiesta del Pehuen. El primero en ofrecer su palabra fue el Lonco Daniel Salazar quien destac\u00f3 el \u201ctrabajo colectivo que ha permitido que en Alumin\u00e9 de viva la interculturalidad m\u00e1s all\u00e1 de los discursos\u201d, en ese sentido enumer\u00f3 las dificultades que tuvieron que atravesar como comunidad para \u201clugar y el respeto que hoy tenemos, y por eso agradezco a todas las instituciones que trabajan cotidianamente en pos de la interculturalidad\u201d.<\/p>\n<p>Salazar hizo referencia tambi\u00e9n a la realidad de los pueblos originarios en otros puntos del pa\u00eds y del pa\u00eds vecino de Chile y por eso afirm\u00f3 que \u201cAlumin\u00e9 siempre ha sido punta de lanza en materia de trabajo conjunto y coordinado, a\u00fan con todas las diferencias, siempre puso en primer lugar el respeto por la diversidad\u201d. Finalmente hizo referencia a la necesidad de concientizar a todos en \u201cla preservaci\u00f3n y cuidado del ambiente necesario para que los pehuenes sigan viviendo y puedan nacer nuevos\u201d.<\/p>\n<p>A continuaci\u00f3n el Intendente ofreci\u00f3 un discurso ameno y cercando agradeciendo a todos los que han trabajado durante estos 30 a\u00f1os por la fiesta del pehu\u00e9n, a la vez que destac\u00f3 a las comunidades que \u201cnos permiten compartir esta importante ceremonia, que nos dejan ser parte tambi\u00e9n, escuchar y aprender. El mandatario estableci\u00f3 la analog\u00eda inevitable que nace \u201cal sembrar un \u00e1rbol que ser\u00e1 milenario, que ninguno de los presentes podremos cosechar. Porque de eso se trata\u2026 de trascender\u201d. Tambi\u00e9n se refiri\u00f3 al estado actual de los bosques nativos, \u201ctan golpeados por los incendios y por la depredaci\u00f3n de la semilla del pehu\u00e9n.<\/p>\n<p>Por eso requiere de nuestro mayor esfuerzo, y en eso las comunidades fueron pioneros en explicarnos c\u00f3mo cuidar y reforestar y luego las intuiciones p\u00fablicas que trabajan diariamente para esto\u201d. Finalmente agradeci\u00f3 las palabras del Lonco Salazar, se mostr\u00f3 reconfortado por sus palabras y comparti\u00f3 \u201cmiradas y sue\u00f1os conjuntos, renovando el compromiso de seguir trabajando codo a codo\u201d. La Subsecretaria Amalia Sapag por su parte hizo hincapi\u00e9 en la \u201cgenerosidad de este \u00e1rbol milenario, que nos ofrece abrigo, sombra, madera una vez que cumple su ciclo, la corteza que utilizan los artesanos y por supuesto su semilla, alimento de personas y de la fauna nativa\u201d. Comparti\u00f3 tambi\u00e9n la \u201cnecesidad de una mayor conciencia en el cuidado de los bosques, ya que si bien hay un marco regulatorio e instituciones que trabajan en pos la protecci\u00f3n, no alcanzar\u00e1 nunca si no aportamos todos el granito de arena que hace falta\u201d.<\/p>\n<p>El acto finaliz\u00f3 con la emotiva plantaci\u00f3n del reto\u00f1o, en manos del Intendente, Daniel Salazar y Don Amaranto Aigo, mientras Do\u00f1a Mar\u00eda Antonieta enton\u00f3, como es tradici\u00f3n, el tayil \u2013canto sagrado mapuche- en honor al Pehuen. Y luego con las palabras de Jesus Caitru, joven nieto de Don Amaranto y Do\u00f1a Mar\u00eda Antonieta quien expres\u00f3 un emotivo mensaje, en su lengua originaria y tambi\u00e9n en castellano a fin de contar y explicar los fundamentos del tayil y c\u00f3mo este se enmarca en la cosmovisi\u00f3n mapuche. Los presentes lo ovacionaron entre l\u00e1grimas y abrazos. Las actividades contin\u00faan a la tarde con la apertura de los stands de productores y artesanos, mientras que los espect\u00e1culos nocturnos del Pehuen Joven prometen una jornada concurrida gracias a la presentaci\u00f3n de la Estafa Dub, Daniel Agostini, la Elecci\u00f3n de la Malen Pehuen 2018-2018, Cuento del T\u00edo y La Moto.<\/p>\n<p>\u00c1lbum completo:\u00a0<strong>https:\/\/www.facebook.com\/pg\/fiestanacionaldelpehuen\/photos\/?tab=album&amp;album_id=218177662069924<\/strong><\/p>\n<p>#FiestaNacionalDelPehuen #30a\u00f1os #TestigoDelTiempo<\/p>\n","protected":false},"excerpt":{"rendered":"<p>\u2022 Una multitud se congreg\u00f3 en la plaza General San Mart\u00edn para ser part\u00edcipes de la ceremonia m\u00e1s importante de la Fiesta del Pehuen: la plantaci\u00f3n del reto\u00f1o y el tayil mapuche recitado por&#46;&#46;&#46;<\/p>\n","protected":false},"author":2,"featured_media":2315,"comment_status":"closed","ping_status":"closed","sticky":false,"template":"","format":"image","meta":{"footnotes":"","_links_to":"","_links_to_target":""},"categories":[4,5,8,13],"tags":[282,280,32,284,283,265,281],"class_list":["post-2314","post","type-post","status-publish","format-image","has-post-thumbnail","hentry","category-actividades","category-cultural","category-general","category-sociales","tag-daniel-salazar","tag-fiesta-del-pehuen","tag-gabriel-alamo","tag-interculturalidad","tag-malen-pehuen","tag-pehuen","tag-testigo-del-tiempo","post_format-post-format-image"],"jetpack_featured_media_url":"https:\/\/alumine.gob.ar\/aluminenoticias\/wp-content\/uploads\/2018\/07\/29694381_218179715403052_9132582305495665664_n.jpg","_links":{"self":[{"href":"https:\/\/alumine.gob.ar\/aluminenoticias\/wp-json\/wp\/v2\/posts\/2314","targetHints":{"allow":["GET"]}}],"collection":[{"href":"https:\/\/alumine.gob.ar\/aluminenoticias\/wp-json\/wp\/v2\/posts"}],"about":[{"href":"https:\/\/alumine.gob.ar\/aluminenoticias\/wp-json\/wp\/v2\/types\/post"}],"author":[{"embeddable":true,"href":"https:\/\/alumine.gob.ar\/aluminenoticias\/wp-json\/wp\/v2\/users\/2"}],"replies":[{"embeddable":true,"href":"https:\/\/alumine.gob.ar\/aluminenoticias\/wp-json\/wp\/v2\/comments?post=2314"}],"version-history":[{"count":1,"href":"https:\/\/alumine.gob.ar\/aluminenoticias\/wp-json\/wp\/v2\/posts\/2314\/revisions"}],"predecessor-version":[{"id":2316,"href":"https:\/\/alumine.gob.ar\/aluminenoticias\/wp-json\/wp\/v2\/posts\/2314\/revisions\/2316"}],"wp:featuredmedia":[{"embeddable":true,"href":"https:\/\/alumine.gob.ar\/aluminenoticias\/wp-json\/wp\/v2\/media\/2315"}],"wp:attachment":[{"href":"https:\/\/alumine.gob.ar\/aluminenoticias\/wp-json\/wp\/v2\/media?parent=2314"}],"wp:term":[{"taxonomy":"category","embeddable":true,"href":"https:\/\/alumine.gob.ar\/aluminenoticias\/wp-json\/wp\/v2\/categories?post=2314"},{"taxonomy":"post_tag","embeddable":true,"href":"https:\/\/alumine.gob.ar\/aluminenoticias\/wp-json\/wp\/v2\/tags?post=2314"}],"curies":[{"name":"wp","href":"https:\/\/api.w.org\/{rel}","templated":true}]}}