{"id":2321,"date":"2018-03-30T09:50:29","date_gmt":"2018-03-30T09:50:29","guid":{"rendered":"http:\/\/alumine.gob.ar\/aluminenoticias\/?p=2321"},"modified":"2018-07-31T15:53:17","modified_gmt":"2018-07-31T15:53:17","slug":"primer-noche-de-la-fiesta-nacional-del-pehuen","status":"publish","type":"post","link":"https:\/\/alumine.gob.ar\/aluminenoticias\/2018\/03\/30\/primer-noche-de-la-fiesta-nacional-del-pehuen\/","title":{"rendered":"PRIMER NOCHE DE LA FIESTA NACIONAL DEL PEHUEN"},"content":{"rendered":"<p>Con el polideportivo lleno, se llev\u00f3 adelante la primera de las tres noches planificadas en el marco del 30\u00ba anive<span class=\"text_exposed_show\">rsario de la Fiesta del Pehuen.<\/span><\/p>\n<div class=\"text_exposed_show\">\n<p>La noche de Pehuen Joven apunt\u00f3 al p\u00fablico popular a trav\u00e9s de artistas de amplia llegada y tambi\u00e9n opciones para quienes disfrutan del reggae y del rock. Es as\u00ed que el artista principal fue Daniel Agostini y convoc\u00f3 a una multitud entre locales y visitantes con un show impresionante que recorri\u00f3 todo su repertorio desde que sus inicios en el grupo Sombras hasta la actualidad. Adem\u00e1s se presentaron la Estafa Dub con una propuesta novedosa que se caracteriza por la fusi\u00f3n de estilos como reggae y sus subg\u00e9neros, electr\u00f3nica, freestyle, rock, hip hop, folklore , tango y jazz. Luego lleg\u00f3 la banda Cuento del t\u00edo desde Rinc\u00f3n de los Sauces que hizo bailar a los presentes con cuarteto y cumbia. Y para cerrar la noche llego la m\u00edtica banda neuquina de Rock Callejero, La Moto.<\/p>\n<p>Adem\u00e1s se realiz\u00f3 la elecci\u00f3n de la Malen Pehuen \u2013representante de la cultura- entre siete j\u00f3venes que se presentaron. El jurado decidi\u00f3 que Evelin Melo saliera electa la nueva Malen Pehuen, y por primera vez se determin\u00f3 una segunda Malen a fin de suplir a su compa\u00f1era, se trata de Maira Santander.<\/p>\n<p>Las actividades contin\u00faan hoy con el seminario de expresi\u00f3n folcl\u00f3rica que tendr\u00e1 dos d\u00edas de duraci\u00f3n a cargo de la profesora Emilse Parga. Luego a las 17:00 se llevar\u00e1 adelante la charla informativa en torno al \u00e1rbol milenario del Pehuen. Como cierre se llevar\u00e1 adelanta la noche de Pe\u00f1a Folcl\u00f3rica con la presentaci\u00f3n del La Flor del Notro, Hueney Mapu, Inti Illimani, La Charo, Norpatagonia, Guille Quiroz y Mat\u00edas Rivas.<\/p>\n<p>\u00c1lbum completo:\u00a0https:\/\/www.facebook.com\/fiestanacionaldelpehuen\/posts\/218452572042433<\/p>\n<p>&nbsp;<\/p>\n<\/div>\n","protected":false},"excerpt":{"rendered":"<p>Con el polideportivo lleno, se llev\u00f3 adelante la primera de las tres noches planificadas en el marco del 30\u00ba aniversario de la Fiesta del Pehuen. La noche de Pehuen Joven apunt\u00f3 al p\u00fablico popular&#46;&#46;&#46;<\/p>\n","protected":false},"author":2,"featured_media":2322,"comment_status":"closed","ping_status":"closed","sticky":false,"template":"","format":"image","meta":{"footnotes":"","_links_to":"","_links_to_target":""},"categories":[4,5,13],"tags":[286,280,32,285],"class_list":["post-2321","post","type-post","status-publish","format-image","has-post-thumbnail","hentry","category-actividades","category-cultural","category-sociales","tag-daniel-agostini","tag-fiesta-del-pehuen","tag-gabriel-alamo","tag-la-moto","post_format-post-format-image"],"jetpack_featured_media_url":"https:\/\/alumine.gob.ar\/aluminenoticias\/wp-content\/uploads\/2018\/07\/29570649_218446482043042_8767101131842960938_n.jpg","_links":{"self":[{"href":"https:\/\/alumine.gob.ar\/aluminenoticias\/wp-json\/wp\/v2\/posts\/2321","targetHints":{"allow":["GET"]}}],"collection":[{"href":"https:\/\/alumine.gob.ar\/aluminenoticias\/wp-json\/wp\/v2\/posts"}],"about":[{"href":"https:\/\/alumine.gob.ar\/aluminenoticias\/wp-json\/wp\/v2\/types\/post"}],"author":[{"embeddable":true,"href":"https:\/\/alumine.gob.ar\/aluminenoticias\/wp-json\/wp\/v2\/users\/2"}],"replies":[{"embeddable":true,"href":"https:\/\/alumine.gob.ar\/aluminenoticias\/wp-json\/wp\/v2\/comments?post=2321"}],"version-history":[{"count":1,"href":"https:\/\/alumine.gob.ar\/aluminenoticias\/wp-json\/wp\/v2\/posts\/2321\/revisions"}],"predecessor-version":[{"id":2323,"href":"https:\/\/alumine.gob.ar\/aluminenoticias\/wp-json\/wp\/v2\/posts\/2321\/revisions\/2323"}],"wp:featuredmedia":[{"embeddable":true,"href":"https:\/\/alumine.gob.ar\/aluminenoticias\/wp-json\/wp\/v2\/media\/2322"}],"wp:attachment":[{"href":"https:\/\/alumine.gob.ar\/aluminenoticias\/wp-json\/wp\/v2\/media?parent=2321"}],"wp:term":[{"taxonomy":"category","embeddable":true,"href":"https:\/\/alumine.gob.ar\/aluminenoticias\/wp-json\/wp\/v2\/categories?post=2321"},{"taxonomy":"post_tag","embeddable":true,"href":"https:\/\/alumine.gob.ar\/aluminenoticias\/wp-json\/wp\/v2\/tags?post=2321"}],"curies":[{"name":"wp","href":"https:\/\/api.w.org\/{rel}","templated":true}]}}