{"id":2336,"date":"2018-04-01T10:31:00","date_gmt":"2018-04-01T10:31:00","guid":{"rendered":"http:\/\/alumine.gob.ar\/aluminenoticias\/?p=2336"},"modified":"2018-07-31T21:00:39","modified_gmt":"2018-07-31T21:00:39","slug":"acto-por-malvinas-2","status":"publish","type":"post","link":"https:\/\/alumine.gob.ar\/aluminenoticias\/2018\/04\/01\/acto-por-malvinas-2\/","title":{"rendered":"ACTO POR MALVINAS"},"content":{"rendered":"<div id=\"js_3gs\" class=\"_5pbx userContent _3576\">\n<div id=\"id_5b60c6c006eb09a25636245\" class=\"text_exposed_root text_exposed\">\n<p>Con motivo de conmemorarse el 2 de abril D\u00eda del Veterano y de los Ca\u00eddos en la Guerra de Malvinas el Intendente de la localidad Gabriel Alamo encabez\u00f3 un acto en la plaza H\u00e9roes de Malvinas junto a autoridades de gendarmer\u00eda, polic\u00eda, veteranos, instituciones funcionarios y comunidad en general.<\/p>\n<p>El Intendente manifest\u00f3 que \u00abestamos en el lugar en el que debemos estar, porque Alumin\u00e9 tiene memoria y conoce su historia hoy nos toca seguir, a cada instituci\u00f3n,<span class=\"text_exposed_show\"> esto que llamamos la malvinizaci\u00f3n y que no es m\u00e1s que un trabajo de recordar y de insistir, porque no podremos declararnos libres hasta que no resolvamos la soberan\u00eda sobre las Islas Malvinas\u00bb.<\/span><\/p>\n<div class=\"text_exposed_show\">\n<p>\u00a1Las Malvinas fueron, son y ser\u00e1n argentinas!<\/p>\n<\/div>\n<\/div>\n<\/div>\n<div class=\"_3x-2\">\n<div>\n<div class=\"mtm\">\n<div class=\"_2a2q _65sr\"><\/div>\n<\/div>\n<\/div>\n<\/div>\n","protected":false},"excerpt":{"rendered":"<p>Con motivo de conmemorarse el 2 de abril D\u00eda del Veterano y de los Ca\u00eddos en la Guerra de Malvinas el Intendente de la localidad Gabriel Alamo encabez\u00f3 un acto en la plaza H\u00e9roes&#46;&#46;&#46;<\/p>\n","protected":false},"author":2,"featured_media":2338,"comment_status":"closed","ping_status":"closed","sticky":false,"template":"","format":"standard","meta":{"footnotes":"","_links_to":"","_links_to_target":""},"categories":[4,5,7,9,13],"tags":[293],"class_list":["post-2336","post","type-post","status-publish","format-standard","has-post-thumbnail","hentry","category-actividades","category-cultural","category-educacion","category-municipales","category-sociales","tag-malvinas-argentinas"],"jetpack_featured_media_url":"https:\/\/alumine.gob.ar\/aluminenoticias\/wp-content\/uploads\/2018\/07\/29871990_1754345491252323_1091887065581193764_o.jpg","_links":{"self":[{"href":"https:\/\/alumine.gob.ar\/aluminenoticias\/wp-json\/wp\/v2\/posts\/2336","targetHints":{"allow":["GET"]}}],"collection":[{"href":"https:\/\/alumine.gob.ar\/aluminenoticias\/wp-json\/wp\/v2\/posts"}],"about":[{"href":"https:\/\/alumine.gob.ar\/aluminenoticias\/wp-json\/wp\/v2\/types\/post"}],"author":[{"embeddable":true,"href":"https:\/\/alumine.gob.ar\/aluminenoticias\/wp-json\/wp\/v2\/users\/2"}],"replies":[{"embeddable":true,"href":"https:\/\/alumine.gob.ar\/aluminenoticias\/wp-json\/wp\/v2\/comments?post=2336"}],"version-history":[{"count":1,"href":"https:\/\/alumine.gob.ar\/aluminenoticias\/wp-json\/wp\/v2\/posts\/2336\/revisions"}],"predecessor-version":[{"id":2339,"href":"https:\/\/alumine.gob.ar\/aluminenoticias\/wp-json\/wp\/v2\/posts\/2336\/revisions\/2339"}],"wp:featuredmedia":[{"embeddable":true,"href":"https:\/\/alumine.gob.ar\/aluminenoticias\/wp-json\/wp\/v2\/media\/2338"}],"wp:attachment":[{"href":"https:\/\/alumine.gob.ar\/aluminenoticias\/wp-json\/wp\/v2\/media?parent=2336"}],"wp:term":[{"taxonomy":"category","embeddable":true,"href":"https:\/\/alumine.gob.ar\/aluminenoticias\/wp-json\/wp\/v2\/categories?post=2336"},{"taxonomy":"post_tag","embeddable":true,"href":"https:\/\/alumine.gob.ar\/aluminenoticias\/wp-json\/wp\/v2\/tags?post=2336"}],"curies":[{"name":"wp","href":"https:\/\/api.w.org\/{rel}","templated":true}]}}