{"id":2511,"date":"2021-04-23T22:02:00","date_gmt":"2021-04-23T22:02:00","guid":{"rendered":"http:\/\/alumine.gob.ar\/aluminenoticias\/?p=2511"},"modified":"2021-06-02T22:45:35","modified_gmt":"2021-06-02T22:45:35","slug":"comenzaron-las-actividades-para-personas-mayores","status":"publish","type":"post","link":"https:\/\/alumine.gob.ar\/aluminenoticias\/2021\/04\/23\/comenzaron-las-actividades-para-personas-mayores\/","title":{"rendered":"COMENZARON LAS ACTIVIDADES PARA PERSONAS MAYORES"},"content":{"rendered":"\n<figure class=\"wp-block-gallery columns-3 is-cropped wp-block-gallery-1 is-layout-flex wp-block-gallery-is-layout-flex\"><ul class=\"blocks-gallery-grid\"><li class=\"blocks-gallery-item\"><figure><a href=\"http:\/\/alumine.gob.ar\/aluminenoticias\/wp-content\/uploads\/2021\/06\/177321141_4027141580639358_1628442452040079881_n.jpg\" data-rel=\"lightbox-gallery-WvhLs4AH\" data-rl_title=\"\" data-rl_caption=\"\" title=\"\"><img loading=\"lazy\" decoding=\"async\" width=\"1024\" height=\"576\" src=\"http:\/\/alumine.gob.ar\/aluminenoticias\/wp-content\/uploads\/2021\/06\/177321141_4027141580639358_1628442452040079881_n-1024x576.jpg\" alt=\"\" data-id=\"2513\" data-full-url=\"http:\/\/alumine.gob.ar\/aluminenoticias\/wp-content\/uploads\/2021\/06\/177321141_4027141580639358_1628442452040079881_n.jpg\" data-link=\"http:\/\/alumine.gob.ar\/aluminenoticias\/?attachment_id=2513\" class=\"wp-image-2513\" srcset=\"https:\/\/alumine.gob.ar\/aluminenoticias\/wp-content\/uploads\/2021\/06\/177321141_4027141580639358_1628442452040079881_n-1024x576.jpg 1024w, https:\/\/alumine.gob.ar\/aluminenoticias\/wp-content\/uploads\/2021\/06\/177321141_4027141580639358_1628442452040079881_n-300x169.jpg 300w, https:\/\/alumine.gob.ar\/aluminenoticias\/wp-content\/uploads\/2021\/06\/177321141_4027141580639358_1628442452040079881_n-768x432.jpg 768w, https:\/\/alumine.gob.ar\/aluminenoticias\/wp-content\/uploads\/2021\/06\/177321141_4027141580639358_1628442452040079881_n.jpg 1280w\" sizes=\"auto, (max-width: 1024px) 100vw, 1024px\" \/><\/a><\/figure><\/li><li class=\"blocks-gallery-item\"><figure><a href=\"http:\/\/alumine.gob.ar\/aluminenoticias\/wp-content\/uploads\/2021\/06\/177368228_4027141637306019_1610192733063568471_n.jpg\" data-rel=\"lightbox-gallery-WvhLs4AH\" data-rl_title=\"\" data-rl_caption=\"\" title=\"\"><img loading=\"lazy\" decoding=\"async\" width=\"576\" height=\"1024\" src=\"http:\/\/alumine.gob.ar\/aluminenoticias\/wp-content\/uploads\/2021\/06\/177368228_4027141637306019_1610192733063568471_n-576x1024.jpg\" alt=\"\" data-id=\"2512\" data-full-url=\"http:\/\/alumine.gob.ar\/aluminenoticias\/wp-content\/uploads\/2021\/06\/177368228_4027141637306019_1610192733063568471_n.jpg\" data-link=\"http:\/\/alumine.gob.ar\/aluminenoticias\/?attachment_id=2512\" class=\"wp-image-2512\" srcset=\"https:\/\/alumine.gob.ar\/aluminenoticias\/wp-content\/uploads\/2021\/06\/177368228_4027141637306019_1610192733063568471_n-576x1024.jpg 576w, https:\/\/alumine.gob.ar\/aluminenoticias\/wp-content\/uploads\/2021\/06\/177368228_4027141637306019_1610192733063568471_n-169x300.jpg 169w, https:\/\/alumine.gob.ar\/aluminenoticias\/wp-content\/uploads\/2021\/06\/177368228_4027141637306019_1610192733063568471_n.jpg 720w\" sizes=\"auto, (max-width: 576px) 100vw, 576px\" \/><\/a><\/figure><\/li><li class=\"blocks-gallery-item\"><figure><a href=\"http:\/\/alumine.gob.ar\/aluminenoticias\/wp-content\/uploads\/2021\/06\/176880543_4027141437306039_3233337663212438680_n.jpg\" data-rel=\"lightbox-gallery-WvhLs4AH\" data-rl_title=\"\" data-rl_caption=\"\" title=\"\"><img loading=\"lazy\" decoding=\"async\" width=\"1024\" height=\"576\" src=\"http:\/\/alumine.gob.ar\/aluminenoticias\/wp-content\/uploads\/2021\/06\/176880543_4027141437306039_3233337663212438680_n-1024x576.jpg\" alt=\"\" data-id=\"2514\" data-full-url=\"http:\/\/alumine.gob.ar\/aluminenoticias\/wp-content\/uploads\/2021\/06\/176880543_4027141437306039_3233337663212438680_n.jpg\" data-link=\"http:\/\/alumine.gob.ar\/aluminenoticias\/?attachment_id=2514\" class=\"wp-image-2514\" srcset=\"https:\/\/alumine.gob.ar\/aluminenoticias\/wp-content\/uploads\/2021\/06\/176880543_4027141437306039_3233337663212438680_n-1024x576.jpg 1024w, https:\/\/alumine.gob.ar\/aluminenoticias\/wp-content\/uploads\/2021\/06\/176880543_4027141437306039_3233337663212438680_n-300x169.jpg 300w, https:\/\/alumine.gob.ar\/aluminenoticias\/wp-content\/uploads\/2021\/06\/176880543_4027141437306039_3233337663212438680_n-768x432.jpg 768w, https:\/\/alumine.gob.ar\/aluminenoticias\/wp-content\/uploads\/2021\/06\/176880543_4027141437306039_3233337663212438680_n.jpg 1280w\" sizes=\"auto, (max-width: 1024px) 100vw, 1024px\" \/><\/a><\/figure><\/li><li class=\"blocks-gallery-item\"><figure><a href=\"http:\/\/alumine.gob.ar\/aluminenoticias\/wp-content\/uploads\/2021\/06\/177860732_4027141457306037_7105199604180548616_n.jpg\" data-rel=\"lightbox-gallery-WvhLs4AH\" data-rl_title=\"\" data-rl_caption=\"\" title=\"\"><img loading=\"lazy\" decoding=\"async\" width=\"576\" height=\"1024\" src=\"http:\/\/alumine.gob.ar\/aluminenoticias\/wp-content\/uploads\/2021\/06\/177860732_4027141457306037_7105199604180548616_n-576x1024.jpg\" alt=\"\" data-id=\"2515\" data-full-url=\"http:\/\/alumine.gob.ar\/aluminenoticias\/wp-content\/uploads\/2021\/06\/177860732_4027141457306037_7105199604180548616_n.jpg\" data-link=\"http:\/\/alumine.gob.ar\/aluminenoticias\/?attachment_id=2515\" class=\"wp-image-2515\" srcset=\"https:\/\/alumine.gob.ar\/aluminenoticias\/wp-content\/uploads\/2021\/06\/177860732_4027141457306037_7105199604180548616_n-576x1024.jpg 576w, https:\/\/alumine.gob.ar\/aluminenoticias\/wp-content\/uploads\/2021\/06\/177860732_4027141457306037_7105199604180548616_n-169x300.jpg 169w, https:\/\/alumine.gob.ar\/aluminenoticias\/wp-content\/uploads\/2021\/06\/177860732_4027141457306037_7105199604180548616_n.jpg 720w\" sizes=\"auto, (max-width: 576px) 100vw, 576px\" \/><\/a><\/figure><\/li><li class=\"blocks-gallery-item\"><figure><a href=\"http:\/\/alumine.gob.ar\/aluminenoticias\/wp-content\/uploads\/2021\/06\/177733179_4027141413972708_787127165328935370_n.jpg\" data-rel=\"lightbox-gallery-WvhLs4AH\" data-rl_title=\"\" data-rl_caption=\"\" title=\"\"><img loading=\"lazy\" decoding=\"async\" width=\"960\" height=\"540\" src=\"http:\/\/alumine.gob.ar\/aluminenoticias\/wp-content\/uploads\/2021\/06\/177733179_4027141413972708_787127165328935370_n.jpg\" alt=\"\" data-id=\"2516\" data-full-url=\"http:\/\/alumine.gob.ar\/aluminenoticias\/wp-content\/uploads\/2021\/06\/177733179_4027141413972708_787127165328935370_n.jpg\" data-link=\"http:\/\/alumine.gob.ar\/aluminenoticias\/?attachment_id=2516\" class=\"wp-image-2516\" srcset=\"https:\/\/alumine.gob.ar\/aluminenoticias\/wp-content\/uploads\/2021\/06\/177733179_4027141413972708_787127165328935370_n.jpg 960w, https:\/\/alumine.gob.ar\/aluminenoticias\/wp-content\/uploads\/2021\/06\/177733179_4027141413972708_787127165328935370_n-300x169.jpg 300w, https:\/\/alumine.gob.ar\/aluminenoticias\/wp-content\/uploads\/2021\/06\/177733179_4027141413972708_787127165328935370_n-768x432.jpg 768w\" sizes=\"auto, (max-width: 960px) 100vw, 960px\" \/><\/a><\/figure><\/li><\/ul><\/figure>\n\n\n\n<p>A partir de esta semana los martes y jueves habr\u00e1 actividades f\u00edsicas recreativas para adultas y adultos mayores en el SAF.<\/p>\n\n\n\n<p>La iniciativa surge por la gran demanda del grupo de personas mayores que durante el verano asistieron a las actividades estivales. Uno de los profesores present\u00f3 un proyecto al \u00e1rea de Adultas y Adultos mayores dependiente de la Secretar\u00eda de Ciudadan\u00eda quien trabaj\u00f3 la propuesta en conjunto con la Subsecretar\u00eda de&nbsp;<a href=\"https:\/\/business.facebook.com\/Deportes-Alumin%C3%A9-1634064133524627\/?__tn__=K-R&amp;eid=ARA1TbR0qCcv9VTcHYczQH9R-uI2axaOGtI7Hm2MdvVWpP4mlsM6zYAlZaFm17dSR27crs7ToyjRalj1&amp;fref=mentions&amp;__xts__%5B0%5D=68.ARBkxbrjvKu1EnUbO0Q6SN7pLUrPcqL1LCLar7o7xtcufYgHsMPdyo8H-vAdoLy-YF7jHAzGTpmyQ0AkuC9vpuNmhkeIZNcIQ5OEOHIbD0pV-NJ8xRaBp9ckFRJjOjTmZYjPFHRit45LiOlKLYcDCxWshos2hHgzdK1Rv-AXiB4eZiOpHzqhYZfUQsgH_EWu-TxLtzIZTGsJsnU0d0-4_25uzropZbPWt-pVibPTBK7NFn-G62s1_2zuEa5bUywiXLo0kyNGPVM5O-wcWdxwhLlzZ1PhiDtBjDWDRYSE_AFTjA8u4AKHqw\">Deportes Alumin\u00e9<\/a>&nbsp;y a partir de esta semana ya se puso en marcha.<\/p>\n\n\n\n<p>La Sec. de Ciudadan\u00eda Vanesa Lombardo expres\u00f3 que \u201cel grupo est\u00e1 muy comprometido y entusiasmado, demostrando la importancia de recuperar espacios CUIDADOS de actividades y de socializaci\u00f3n, que hab\u00edan perdido a causa de la pandemia\u201d, adem\u00e1s coment\u00f3 que para garantizar y facilitar la asistencia, se puso a disposici\u00f3n el minib\u00fas municipal y aclar\u00f3 que a\u00fan quedan cupos disponibles.<\/p>\n\n\n\n<p>El proyecto propone la pr\u00e1ctica de distintos Deportes y actividades no convencionales (alternativas, no homologadas por ninguna federaci\u00f3n) junto con juegos y gimnasia bajo la premisa de \u201cHay una actividad para cada persona\u201d.<\/p>\n\n\n\n<p>El profesor de educaci\u00f3n f\u00edsica a cargo, Mariano Angelino, explic\u00f3 que \u201ccreemos muy importante trabajar sobre los prejuicios y estereotipos asociados a la vejez, para que las personas mayores sean consideradas como sujetos plenos, productivos y con capacidad para tomar decisiones.\u201d<\/p>\n\n\n\n<p>\u2705&nbsp;Para inscribirse, la persona debe ser mayor de 60 a\u00f1os y debe comunicarse al corporativo del \u00e1rea: 2942 470482.<\/p>\n\n\n\n<p>\u2705&nbsp;Martes y jueves de 10.30 a 12.00 hs.<\/p>\n","protected":false},"excerpt":{"rendered":"<p>A partir de esta semana los martes y jueves habr\u00e1 actividades f\u00edsicas recreativas para adultas y adultos mayores en el SAF. La iniciativa surge por la gran demanda del grupo de personas mayores que&#46;&#46;&#46;<\/p>\n","protected":false},"author":2,"featured_media":0,"comment_status":"closed","ping_status":"closed","sticky":false,"template":"","format":"standard","meta":{"footnotes":"","_links_to":"","_links_to_target":""},"categories":[1],"tags":[236,30,378],"class_list":["post-2511","post","type-post","status-publish","format-standard","hentry","category-noticias","tag-adultos-mayores","tag-alumine","tag-personas-mayores"],"jetpack_featured_media_url":"","_links":{"self":[{"href":"https:\/\/alumine.gob.ar\/aluminenoticias\/wp-json\/wp\/v2\/posts\/2511","targetHints":{"allow":["GET"]}}],"collection":[{"href":"https:\/\/alumine.gob.ar\/aluminenoticias\/wp-json\/wp\/v2\/posts"}],"about":[{"href":"https:\/\/alumine.gob.ar\/aluminenoticias\/wp-json\/wp\/v2\/types\/post"}],"author":[{"embeddable":true,"href":"https:\/\/alumine.gob.ar\/aluminenoticias\/wp-json\/wp\/v2\/users\/2"}],"replies":[{"embeddable":true,"href":"https:\/\/alumine.gob.ar\/aluminenoticias\/wp-json\/wp\/v2\/comments?post=2511"}],"version-history":[{"count":1,"href":"https:\/\/alumine.gob.ar\/aluminenoticias\/wp-json\/wp\/v2\/posts\/2511\/revisions"}],"predecessor-version":[{"id":2517,"href":"https:\/\/alumine.gob.ar\/aluminenoticias\/wp-json\/wp\/v2\/posts\/2511\/revisions\/2517"}],"wp:attachment":[{"href":"https:\/\/alumine.gob.ar\/aluminenoticias\/wp-json\/wp\/v2\/media?parent=2511"}],"wp:term":[{"taxonomy":"category","embeddable":true,"href":"https:\/\/alumine.gob.ar\/aluminenoticias\/wp-json\/wp\/v2\/categories?post=2511"},{"taxonomy":"post_tag","embeddable":true,"href":"https:\/\/alumine.gob.ar\/aluminenoticias\/wp-json\/wp\/v2\/tags?post=2511"}],"curies":[{"name":"wp","href":"https:\/\/api.w.org\/{rel}","templated":true}]}}