{"id":2556,"date":"2023-04-21T15:48:20","date_gmt":"2023-04-21T15:48:20","guid":{"rendered":"http:\/\/alumine.gob.ar\/aluminenoticias\/?p=2556"},"modified":"2023-04-28T15:52:40","modified_gmt":"2023-04-28T15:52:40","slug":"jornada-de-sensibilizacion-sobre-separacion-en-origen-de-residuos-domiciliarios","status":"publish","type":"post","link":"https:\/\/alumine.gob.ar\/aluminenoticias\/2023\/04\/21\/jornada-de-sensibilizacion-sobre-separacion-en-origen-de-residuos-domiciliarios\/","title":{"rendered":"Jornada de Sensibilizaci\u00f3n sobre Separaci\u00f3n en Origen de Residuos Domiciliarios"},"content":{"rendered":"\n<p><img loading=\"lazy\" decoding=\"async\" height=\"16\" width=\"16\" src=\"https:\/\/static.xx.fbcdn.net\/images\/emoji.php\/v9\/t7e\/1\/16\/1f4c5.png\" alt=\"????\"> El equipo de la Secretar\u00eda de Producci\u00f3n y Ambiente, realiz\u00f3 ayer una actividad sobre separaci\u00f3n de RSU, solicitada por el Escuadr\u00f3n N\u00b032 de Gendarmer\u00eda Nacional.<\/p>\n\n\n\n<figure class=\"wp-block-image size-full\"><a href=\"http:\/\/alumine.gob.ar\/aluminenoticias\/wp-content\/uploads\/2023\/04\/342743185_1248121615838727_3805863125669957445_n.jpg\" data-rel=\"lightbox-gallery-mrVOlGC1\" data-rl_title=\"\" data-rl_caption=\"\" title=\"\"><img loading=\"lazy\" decoding=\"async\" width=\"720\" height=\"540\" src=\"http:\/\/alumine.gob.ar\/aluminenoticias\/wp-content\/uploads\/2023\/04\/342743185_1248121615838727_3805863125669957445_n.jpg\" alt=\"\" class=\"wp-image-2557\" srcset=\"https:\/\/alumine.gob.ar\/aluminenoticias\/wp-content\/uploads\/2023\/04\/342743185_1248121615838727_3805863125669957445_n.jpg 720w, https:\/\/alumine.gob.ar\/aluminenoticias\/wp-content\/uploads\/2023\/04\/342743185_1248121615838727_3805863125669957445_n-300x225.jpg 300w\" sizes=\"auto, (max-width: 720px) 100vw, 720px\" \/><\/a><\/figure>\n\n\n\n<p><\/p>\n\n\n\n<p>De la misma particip\u00f3 personal de la instituci\u00f3n, y se abordaron temas como:<\/p>\n\n\n\n<p> &#8211; Separaci\u00f3n en origen como acci\u00f3n frente al cambio clim\u00e1tico.<\/p>\n\n\n\n<p> -Definici\u00f3n de residuos y su clasificaci\u00f3n.<\/p>\n\n\n\n<p> -Circuito completo del sistema de gesti\u00f3n de residuos de Alumin\u00e9.<\/p>\n\n\n\n<p> -Temas de empat\u00eda, participaci\u00f3n y responsabilidad como parte del sistema G.I.R.S.U.<\/p>\n\n\n\n<p><img loading=\"lazy\" decoding=\"async\" height=\"16\" width=\"16\" alt=\"????????\" src=\"https:\/\/static.xx.fbcdn.net\/images\/emoji.php\/v9\/tc\/1\/16\/1f449_1f3fb.png\">Recordamos a la comunidad que la Secretar\u00eda planifica jornadas a demanda, para seguir reforzando y sensibilizando sobre el manejo responsable de nuestros residuos.<\/p>\n","protected":false},"excerpt":{"rendered":"<p>El equipo de la Secretar\u00eda de Producci\u00f3n y Ambiente, realiz\u00f3 ayer una actividad sobre separaci\u00f3n de RSU, solicitada por el Escuadr\u00f3n N\u00b032 de Gendarmer\u00eda Nacional. De la misma particip\u00f3 personal de la instituci\u00f3n, y&#46;&#46;&#46;<\/p>\n","protected":false},"author":2,"featured_media":0,"comment_status":"closed","ping_status":"closed","sticky":false,"template":"","format":"standard","meta":{"footnotes":"","_links_to":"","_links_to_target":""},"categories":[1],"tags":[30,313,409,411,410,408,407],"class_list":["post-2556","post","type-post","status-publish","format-standard","hentry","category-noticias","tag-alumine","tag-alumine-2","tag-alumine-separa-los-residuos","tag-escuadron-no32","tag-gendarmeria-nacional","tag-gestion-de-residuos","tag-separacion-en-origen"],"jetpack_featured_media_url":"","_links":{"self":[{"href":"https:\/\/alumine.gob.ar\/aluminenoticias\/wp-json\/wp\/v2\/posts\/2556","targetHints":{"allow":["GET"]}}],"collection":[{"href":"https:\/\/alumine.gob.ar\/aluminenoticias\/wp-json\/wp\/v2\/posts"}],"about":[{"href":"https:\/\/alumine.gob.ar\/aluminenoticias\/wp-json\/wp\/v2\/types\/post"}],"author":[{"embeddable":true,"href":"https:\/\/alumine.gob.ar\/aluminenoticias\/wp-json\/wp\/v2\/users\/2"}],"replies":[{"embeddable":true,"href":"https:\/\/alumine.gob.ar\/aluminenoticias\/wp-json\/wp\/v2\/comments?post=2556"}],"version-history":[{"count":1,"href":"https:\/\/alumine.gob.ar\/aluminenoticias\/wp-json\/wp\/v2\/posts\/2556\/revisions"}],"predecessor-version":[{"id":2559,"href":"https:\/\/alumine.gob.ar\/aluminenoticias\/wp-json\/wp\/v2\/posts\/2556\/revisions\/2559"}],"wp:attachment":[{"href":"https:\/\/alumine.gob.ar\/aluminenoticias\/wp-json\/wp\/v2\/media?parent=2556"}],"wp:term":[{"taxonomy":"category","embeddable":true,"href":"https:\/\/alumine.gob.ar\/aluminenoticias\/wp-json\/wp\/v2\/categories?post=2556"},{"taxonomy":"post_tag","embeddable":true,"href":"https:\/\/alumine.gob.ar\/aluminenoticias\/wp-json\/wp\/v2\/tags?post=2556"}],"curies":[{"name":"wp","href":"https:\/\/api.w.org\/{rel}","templated":true}]}}