{"id":2566,"date":"2023-04-18T15:57:30","date_gmt":"2023-04-18T15:57:30","guid":{"rendered":"http:\/\/alumine.gob.ar\/aluminenoticias\/?p=2566"},"modified":"2023-04-28T16:01:54","modified_gmt":"2023-04-28T16:01:54","slug":"comenzaron-las-actividades-para-personas-mayores-2","status":"publish","type":"post","link":"https:\/\/alumine.gob.ar\/aluminenoticias\/2023\/04\/18\/comenzaron-las-actividades-para-personas-mayores-2\/","title":{"rendered":"COMENZARON LAS ACTIVIDADES PARA PERSONAS MAYORES"},"content":{"rendered":"\n<p>Se dio inicio ayer a las actividades para Personas Mayores en el SAF N\u00b01, a cargo del profe Mart\u00edn Mari\u00f1anco.<\/p>\n\n\n\n<figure class=\"wp-block-image size-large\"><a href=\"http:\/\/alumine.gob.ar\/aluminenoticias\/wp-content\/uploads\/2023\/04\/341558655_545555974159568_688167065967831467_n.jpg\" data-rel=\"lightbox-gallery-erQZolBi\" data-rl_title=\"\" data-rl_caption=\"\" title=\"\"><img loading=\"lazy\" decoding=\"async\" width=\"1024\" height=\"770\" src=\"http:\/\/alumine.gob.ar\/aluminenoticias\/wp-content\/uploads\/2023\/04\/341558655_545555974159568_688167065967831467_n-1024x770.jpg\" alt=\"\" class=\"wp-image-2567\" srcset=\"https:\/\/alumine.gob.ar\/aluminenoticias\/wp-content\/uploads\/2023\/04\/341558655_545555974159568_688167065967831467_n-1024x770.jpg 1024w, https:\/\/alumine.gob.ar\/aluminenoticias\/wp-content\/uploads\/2023\/04\/341558655_545555974159568_688167065967831467_n-300x226.jpg 300w, https:\/\/alumine.gob.ar\/aluminenoticias\/wp-content\/uploads\/2023\/04\/341558655_545555974159568_688167065967831467_n-768x577.jpg 768w, https:\/\/alumine.gob.ar\/aluminenoticias\/wp-content\/uploads\/2023\/04\/341558655_545555974159568_688167065967831467_n.jpg 1160w\" sizes=\"auto, (max-width: 1024px) 100vw, 1024px\" \/><\/a><\/figure>\n\n\n\n<p><\/p>\n\n\n\n<p>Las actividades se llevan a cabo los d\u00edas lunes de 10:30 a 12:00, mi\u00e9rcoles de 10:00 a 11:00 y viernes de 16:00 a 17:00.<\/p>\n\n\n\n<figure class=\"wp-block-image size-large\"><a href=\"http:\/\/alumine.gob.ar\/aluminenoticias\/wp-content\/uploads\/2023\/04\/342038045_1363269851182913_7927245524694276148_n.jpg\" data-rel=\"lightbox-gallery-erQZolBi\" data-rl_title=\"\" data-rl_caption=\"\" title=\"\"><img loading=\"lazy\" decoding=\"async\" width=\"724\" height=\"1024\" src=\"http:\/\/alumine.gob.ar\/aluminenoticias\/wp-content\/uploads\/2023\/04\/342038045_1363269851182913_7927245524694276148_n-724x1024.jpg\" alt=\"\" class=\"wp-image-2568\" srcset=\"https:\/\/alumine.gob.ar\/aluminenoticias\/wp-content\/uploads\/2023\/04\/342038045_1363269851182913_7927245524694276148_n-724x1024.jpg 724w, https:\/\/alumine.gob.ar\/aluminenoticias\/wp-content\/uploads\/2023\/04\/342038045_1363269851182913_7927245524694276148_n-212x300.jpg 212w, https:\/\/alumine.gob.ar\/aluminenoticias\/wp-content\/uploads\/2023\/04\/342038045_1363269851182913_7927245524694276148_n-768x1086.jpg 768w, https:\/\/alumine.gob.ar\/aluminenoticias\/wp-content\/uploads\/2023\/04\/342038045_1363269851182913_7927245524694276148_n-1086x1536.jpg 1086w, https:\/\/alumine.gob.ar\/aluminenoticias\/wp-content\/uploads\/2023\/04\/342038045_1363269851182913_7927245524694276148_n.jpg 1131w\" sizes=\"auto, (max-width: 724px) 100vw, 724px\" \/><\/a><\/figure>\n\n\n\n<p>Para <a><\/a>inscripciones y m\u00e1s informaci\u00f3n acercarse a la Direcci\u00f3n de Personas Mayores en la Secretar\u00eda de Ciudadan\u00eda, ubicada en el ex BPN o comunicarse al 2942-469238.<\/p>\n","protected":false},"excerpt":{"rendered":"<p>Se dio inicio ayer a las actividades para Personas Mayores en el SAF N\u00b01, a cargo del profe Mart\u00edn Mari\u00f1anco. Las actividades se llevan a cabo los d\u00edas lunes de 10:30 a 12:00, mi\u00e9rcoles&#46;&#46;&#46;<\/p>\n","protected":false},"author":2,"featured_media":0,"comment_status":"closed","ping_status":"closed","sticky":false,"template":"","format":"standard","meta":{"footnotes":"","_links_to":"","_links_to_target":""},"categories":[1],"tags":[30,313,418,378,417,416],"class_list":["post-2566","post","type-post","status-publish","format-standard","hentry","category-noticias","tag-alumine","tag-alumine-2","tag-direccion-de-personas-mayores","tag-personas-mayores","tag-saf-no1","tag-secretaria-de-ciudadania"],"jetpack_featured_media_url":"","_links":{"self":[{"href":"https:\/\/alumine.gob.ar\/aluminenoticias\/wp-json\/wp\/v2\/posts\/2566","targetHints":{"allow":["GET"]}}],"collection":[{"href":"https:\/\/alumine.gob.ar\/aluminenoticias\/wp-json\/wp\/v2\/posts"}],"about":[{"href":"https:\/\/alumine.gob.ar\/aluminenoticias\/wp-json\/wp\/v2\/types\/post"}],"author":[{"embeddable":true,"href":"https:\/\/alumine.gob.ar\/aluminenoticias\/wp-json\/wp\/v2\/users\/2"}],"replies":[{"embeddable":true,"href":"https:\/\/alumine.gob.ar\/aluminenoticias\/wp-json\/wp\/v2\/comments?post=2566"}],"version-history":[{"count":1,"href":"https:\/\/alumine.gob.ar\/aluminenoticias\/wp-json\/wp\/v2\/posts\/2566\/revisions"}],"predecessor-version":[{"id":2569,"href":"https:\/\/alumine.gob.ar\/aluminenoticias\/wp-json\/wp\/v2\/posts\/2566\/revisions\/2569"}],"wp:attachment":[{"href":"https:\/\/alumine.gob.ar\/aluminenoticias\/wp-json\/wp\/v2\/media?parent=2566"}],"wp:term":[{"taxonomy":"category","embeddable":true,"href":"https:\/\/alumine.gob.ar\/aluminenoticias\/wp-json\/wp\/v2\/categories?post=2566"},{"taxonomy":"post_tag","embeddable":true,"href":"https:\/\/alumine.gob.ar\/aluminenoticias\/wp-json\/wp\/v2\/tags?post=2566"}],"curies":[{"name":"wp","href":"https:\/\/api.w.org\/{rel}","templated":true}]}}