{"id":2739,"date":"2023-02-10T14:11:25","date_gmt":"2023-02-10T14:11:25","guid":{"rendered":"http:\/\/alumine.gob.ar\/aluminenoticias\/?p=2739"},"modified":"2023-05-29T14:12:33","modified_gmt":"2023-05-29T14:12:33","slug":"lunes-13-de-febrero-dia-mundial-del-preservativo","status":"publish","type":"post","link":"https:\/\/alumine.gob.ar\/aluminenoticias\/2023\/02\/10\/lunes-13-de-febrero-dia-mundial-del-preservativo\/","title":{"rendered":"Lunes 13 de febrero D\u00eda Mundial del #Preservativo"},"content":{"rendered":"\n<p>Invitamos a la comunidad a participar de la jornada recreativa que se realizar\u00e1 este pr\u00f3ximo lunes, a las 17.00 <img loading=\"lazy\" decoding=\"async\" height=\"16\" width=\"16\" alt=\"????\" src=\"https:\/\/static.xx.fbcdn.net\/images\/emoji.php\/v9\/tac\/1\/16\/1f554.png\"> en el Balneario Municipal.<\/p>\n\n\n\n<p><img loading=\"lazy\" decoding=\"async\" height=\"16\" width=\"16\" src=\"https:\/\/static.xx.fbcdn.net\/images\/emoji.php\/v9\/tae\/1\/16\/1f4ce.png\" alt=\"????\">Pod\u00e9s obtener informaci\u00f3n y hacer el testeo de <a href=\"https:\/\/www.facebook.com\/hashtag\/vih?__eep__=6&amp;__cft__[0]=AZWdcAEjikX5BiIn8ffd2I9r5t5yveWz7rZpoOo69Yll-iMeBFGB9X_RVaURKWovyePgjmW0drdPjnprH9PWOVNA-Xasod4p9hn3n654r8IJLbiBTW8H9u-1SupMjCJEH86AKce4tkgMORiLA9XbPwO4Kw1Oeord9U_ONIrNWnIJVwLbWpOtIYg6UfrkqMe82cI&amp;__tn__=*NK-R\">#VIH<\/a> y <a href=\"https:\/\/www.facebook.com\/hashtag\/s%C3%ADfilis?__eep__=6&amp;__cft__[0]=AZWdcAEjikX5BiIn8ffd2I9r5t5yveWz7rZpoOo69Yll-iMeBFGB9X_RVaURKWovyePgjmW0drdPjnprH9PWOVNA-Xasod4p9hn3n654r8IJLbiBTW8H9u-1SupMjCJEH86AKce4tkgMORiLA9XbPwO4Kw1Oeord9U_ONIrNWnIJVwLbWpOtIYg6UfrkqMe82cI&amp;__tn__=*NK-R\">#s\u00edfilis<\/a>. Adem\u00e1s tendremos juegos, sorteos, premios y varias cositas m\u00e1s! <img loading=\"lazy\" decoding=\"async\" height=\"16\" width=\"16\" src=\"https:\/\/static.xx.fbcdn.net\/images\/emoji.php\/v9\/tb\/1\/16\/1f388.png\" alt=\"????\"><\/p>\n\n\n\n<figure class=\"wp-block-image size-large\"><a href=\"http:\/\/alumine.gob.ar\/aluminenoticias\/wp-content\/uploads\/2023\/05\/329236408_1277618892823780_2297305921314413848_n.jpg\" data-rel=\"lightbox-gallery-IDsoJrtO\" data-rl_title=\"\" data-rl_caption=\"\" title=\"\"><img loading=\"lazy\" decoding=\"async\" width=\"1024\" height=\"1024\" src=\"http:\/\/alumine.gob.ar\/aluminenoticias\/wp-content\/uploads\/2023\/05\/329236408_1277618892823780_2297305921314413848_n-1024x1024.jpg\" alt=\"\" class=\"wp-image-2740\" srcset=\"https:\/\/alumine.gob.ar\/aluminenoticias\/wp-content\/uploads\/2023\/05\/329236408_1277618892823780_2297305921314413848_n-1024x1024.jpg 1024w, https:\/\/alumine.gob.ar\/aluminenoticias\/wp-content\/uploads\/2023\/05\/329236408_1277618892823780_2297305921314413848_n-300x300.jpg 300w, https:\/\/alumine.gob.ar\/aluminenoticias\/wp-content\/uploads\/2023\/05\/329236408_1277618892823780_2297305921314413848_n-150x150.jpg 150w, https:\/\/alumine.gob.ar\/aluminenoticias\/wp-content\/uploads\/2023\/05\/329236408_1277618892823780_2297305921314413848_n-768x768.jpg 768w, https:\/\/alumine.gob.ar\/aluminenoticias\/wp-content\/uploads\/2023\/05\/329236408_1277618892823780_2297305921314413848_n-80x80.jpg 80w, https:\/\/alumine.gob.ar\/aluminenoticias\/wp-content\/uploads\/2023\/05\/329236408_1277618892823780_2297305921314413848_n-320x320.jpg 320w, https:\/\/alumine.gob.ar\/aluminenoticias\/wp-content\/uploads\/2023\/05\/329236408_1277618892823780_2297305921314413848_n.jpg 1080w\" sizes=\"auto, (max-width: 1024px) 100vw, 1024px\" \/><\/a><\/figure>\n\n\n\n<p><\/p>\n\n\n\n<p>Te esperamos! <img loading=\"lazy\" decoding=\"async\" height=\"16\" width=\"16\" src=\"https:\/\/static.xx.fbcdn.net\/images\/emoji.php\/v9\/t6d\/1\/16\/2600.png\" alt=\"\u2600\ufe0f\"><\/p>\n\n\n\n<p><a href=\"https:\/\/www.facebook.com\/profile.php?id=100064186654831&amp;__cft__[0]=AZWdcAEjikX5BiIn8ffd2I9r5t5yveWz7rZpoOo69Yll-iMeBFGB9X_RVaURKWovyePgjmW0drdPjnprH9PWOVNA-Xasod4p9hn3n654r8IJLbiBTW8H9u-1SupMjCJEH86AKce4tkgMORiLA9XbPwO4Kw1Oeord9U_ONIrNWnIJVwLbWpOtIYg6UfrkqMe82cI&amp;__tn__=-]K-R\">Hospital Alumin\u00e9 &#8211; Neuqu\u00e9n<\/a><a href=\"https:\/\/www.facebook.com\/profile.php?id=100067850341092&amp;__cft__[0]=AZWdcAEjikX5BiIn8ffd2I9r5t5yveWz7rZpoOo69Yll-iMeBFGB9X_RVaURKWovyePgjmW0drdPjnprH9PWOVNA-Xasod4p9hn3n654r8IJLbiBTW8H9u-1SupMjCJEH86AKce4tkgMORiLA9XbPwO4Kw1Oeord9U_ONIrNWnIJVwLbWpOtIYg6UfrkqMe82cI&amp;__tn__=-]K-R\">Secretar\u00eda de Producci\u00f3n y Ambiente Alumin\u00e9<\/a><\/p>\n","protected":false},"excerpt":{"rendered":"<p>Invitamos a la comunidad a participar de la jornada recreativa que se realizar\u00e1 este pr\u00f3ximo lunes, a las 17.00 en el Balneario Municipal. Pod\u00e9s obtener informaci\u00f3n y hacer el testeo de #VIH y #s\u00edfilis.&#46;&#46;&#46;<\/p>\n","protected":false},"author":2,"featured_media":0,"comment_status":"closed","ping_status":"closed","sticky":false,"template":"","format":"standard","meta":{"footnotes":"","_links_to":"","_links_to_target":""},"categories":[1],"tags":[],"class_list":["post-2739","post","type-post","status-publish","format-standard","hentry","category-noticias"],"jetpack_featured_media_url":"","_links":{"self":[{"href":"https:\/\/alumine.gob.ar\/aluminenoticias\/wp-json\/wp\/v2\/posts\/2739","targetHints":{"allow":["GET"]}}],"collection":[{"href":"https:\/\/alumine.gob.ar\/aluminenoticias\/wp-json\/wp\/v2\/posts"}],"about":[{"href":"https:\/\/alumine.gob.ar\/aluminenoticias\/wp-json\/wp\/v2\/types\/post"}],"author":[{"embeddable":true,"href":"https:\/\/alumine.gob.ar\/aluminenoticias\/wp-json\/wp\/v2\/users\/2"}],"replies":[{"embeddable":true,"href":"https:\/\/alumine.gob.ar\/aluminenoticias\/wp-json\/wp\/v2\/comments?post=2739"}],"version-history":[{"count":1,"href":"https:\/\/alumine.gob.ar\/aluminenoticias\/wp-json\/wp\/v2\/posts\/2739\/revisions"}],"predecessor-version":[{"id":2741,"href":"https:\/\/alumine.gob.ar\/aluminenoticias\/wp-json\/wp\/v2\/posts\/2739\/revisions\/2741"}],"wp:attachment":[{"href":"https:\/\/alumine.gob.ar\/aluminenoticias\/wp-json\/wp\/v2\/media?parent=2739"}],"wp:term":[{"taxonomy":"category","embeddable":true,"href":"https:\/\/alumine.gob.ar\/aluminenoticias\/wp-json\/wp\/v2\/categories?post=2739"},{"taxonomy":"post_tag","embeddable":true,"href":"https:\/\/alumine.gob.ar\/aluminenoticias\/wp-json\/wp\/v2\/tags?post=2739"}],"curies":[{"name":"wp","href":"https:\/\/api.w.org\/{rel}","templated":true}]}}