{"id":2757,"date":"2023-02-01T14:21:15","date_gmt":"2023-02-01T14:21:15","guid":{"rendered":"http:\/\/alumine.gob.ar\/aluminenoticias\/?p=2757"},"modified":"2023-05-29T14:24:38","modified_gmt":"2023-05-29T14:24:38","slug":"alumine-participo-de-la-primera-sesion-del-2023-del-consejo-provincial-de-juventudes","status":"publish","type":"post","link":"https:\/\/alumine.gob.ar\/aluminenoticias\/2023\/02\/01\/alumine-participo-de-la-primera-sesion-del-2023-del-consejo-provincial-de-juventudes\/","title":{"rendered":"ALUMIN\u00c9 PARTICIP\u00d3 DE LA PRIMERA SESI\u00d3N DEL 2023 DEL CONSEJO PROVINCIAL DE JUVENTUDES"},"content":{"rendered":"\n<p>La Municipalidad de Alumin\u00e9 a trav\u00e9s de la Direcci\u00f3n de Ni\u00f1ez, Adolescencias y Juventudes junto a 19 jovenes participaron ayer de la primera sesi\u00f3n del a\u00f1o del Concejo Provincial de Juventudes (COPROJUV) en Villa el Choc\u00f3n, del cual asistieron 600 j\u00f3venes de toda la provincia.<\/p>\n\n\n\n<figure class=\"wp-block-image size-large\"><a href=\"http:\/\/alumine.gob.ar\/aluminenoticias\/wp-content\/uploads\/2023\/05\/326864967_770925588077032_6164387300730376654_n.jpg\" data-rel=\"lightbox-gallery-cbCX4YkQ\" data-rl_title=\"\" data-rl_caption=\"\" title=\"\"><img loading=\"lazy\" decoding=\"async\" width=\"1024\" height=\"768\" src=\"http:\/\/alumine.gob.ar\/aluminenoticias\/wp-content\/uploads\/2023\/05\/326864967_770925588077032_6164387300730376654_n-1024x768.jpg\" alt=\"\" class=\"wp-image-2758\" srcset=\"https:\/\/alumine.gob.ar\/aluminenoticias\/wp-content\/uploads\/2023\/05\/326864967_770925588077032_6164387300730376654_n-1024x768.jpg 1024w, https:\/\/alumine.gob.ar\/aluminenoticias\/wp-content\/uploads\/2023\/05\/326864967_770925588077032_6164387300730376654_n-300x225.jpg 300w, https:\/\/alumine.gob.ar\/aluminenoticias\/wp-content\/uploads\/2023\/05\/326864967_770925588077032_6164387300730376654_n-768x576.jpg 768w, https:\/\/alumine.gob.ar\/aluminenoticias\/wp-content\/uploads\/2023\/05\/326864967_770925588077032_6164387300730376654_n-1536x1152.jpg 1536w, https:\/\/alumine.gob.ar\/aluminenoticias\/wp-content\/uploads\/2023\/05\/326864967_770925588077032_6164387300730376654_n.jpg 2048w\" sizes=\"auto, (max-width: 1024px) 100vw, 1024px\" \/><\/a><\/figure>\n\n\n\n<p><\/p>\n\n\n\n<p>La sesi\u00f3n estuvo presidida por la ministra de Ni\u00f1ez, Adolescencias, Juventudes y Ciudadan\u00eda, <a href=\"https:\/\/www.facebook.com\/sofiasanucciok?__cft__[0]=AZWBmrVLaCCC8KI8PNaMjK3ThRsng4THchpKsWjwgOy-M1W2IOl08vrP3mx122rQoXP4v1JNGpH2GC5ePCEVBvi_fnxl_xGWBkx9RLpSuXxiAG1ANJq0ZdDgi-tMn41E5XKq7RIPi55pbxHgclf6KQPYDLX-4nP3qTJriRzeWpUGtPD_oPfmc5FXzskrD4dDzTw&amp;__tn__=-]K-R\">Sofia Sanucci Gimenez<\/a>, la subsecretaria Natalia Garay, el secretario del COPADE, <a href=\"https:\/\/www.facebook.com\/PabloGutierrezColantuono?__cft__[0]=AZWBmrVLaCCC8KI8PNaMjK3ThRsng4THchpKsWjwgOy-M1W2IOl08vrP3mx122rQoXP4v1JNGpH2GC5ePCEVBvi_fnxl_xGWBkx9RLpSuXxiAG1ANJq0ZdDgi-tMn41E5XKq7RIPi55pbxHgclf6KQPYDLX-4nP3qTJriRzeWpUGtPD_oPfmc5FXzskrD4dDzTw&amp;__tn__=-]K-R\">Pablo Guti\u00e9rrez Colantuono<\/a>, la ministra de Mujeres y Diversidad, Mar\u00eda Eugenia Ferraresso, el secretario de Diversidad, Titi Ricciuto y el intendente de Villa El Choc\u00f3n, Nicol\u00e1s Di Fonzo.<\/p>\n\n\n\n<p>En el encuentro se repasaron los logros conseguidos durante el 2022 y la presentaci\u00f3n de las y los consejeros institucionales y por la comunidad de la modificaci\u00f3n de la constituci\u00f3n provincial, para que la edad no sea un requisito a la hora de acceder a cargos p\u00fablicos como gobernador\/a, vicegobernador\/a, ministro\/a, concejal\/a, intendente\/a.<\/p>\n\n\n\n<figure class=\"wp-block-image size-large\"><a href=\"http:\/\/alumine.gob.ar\/aluminenoticias\/wp-content\/uploads\/2023\/05\/328138524_659490345951038_4223996435293781305_n.jpg\" data-rel=\"lightbox-gallery-cbCX4YkQ\" data-rl_title=\"\" data-rl_caption=\"\" title=\"\"><img loading=\"lazy\" decoding=\"async\" width=\"1024\" height=\"683\" src=\"http:\/\/alumine.gob.ar\/aluminenoticias\/wp-content\/uploads\/2023\/05\/328138524_659490345951038_4223996435293781305_n-1024x683.jpg\" alt=\"\" class=\"wp-image-2759\" srcset=\"https:\/\/alumine.gob.ar\/aluminenoticias\/wp-content\/uploads\/2023\/05\/328138524_659490345951038_4223996435293781305_n-1024x683.jpg 1024w, https:\/\/alumine.gob.ar\/aluminenoticias\/wp-content\/uploads\/2023\/05\/328138524_659490345951038_4223996435293781305_n-300x200.jpg 300w, https:\/\/alumine.gob.ar\/aluminenoticias\/wp-content\/uploads\/2023\/05\/328138524_659490345951038_4223996435293781305_n-768x512.jpg 768w, https:\/\/alumine.gob.ar\/aluminenoticias\/wp-content\/uploads\/2023\/05\/328138524_659490345951038_4223996435293781305_n.jpg 1080w\" sizes=\"auto, (max-width: 1024px) 100vw, 1024px\" \/><\/a><\/figure>\n\n\n\n<p><\/p>\n\n\n\n<p>La directora de Ni\u00f1ez, Adolescencias y Juventudes y Consejera Institucional del COPROJUV expres\u00f3 que \u201cla participaci\u00f3n ciudadana juvenil es fundamental para llevar adelante pol\u00edticas p\u00fablicas acordes a las necesidades e inter\u00e9s de j\u00f3venes de cada localidad. Pero creemos necesario una modificaci\u00f3n de leyes construidas por personas adultas en un tiempo hist\u00f3rico determinado\u00bb. \u00abConsideramos que el trabajo logrado desde el Ministerio junto a Sofia Sanucci y Natalia Garay debe ir m\u00e1s all\u00e1, y es por esto que debemos sentar precedente en la modificaci\u00f3n de la constituci\u00f3n en el acceso a las y los j\u00f3venes a cargos p\u00fablicos para que aporten una perspectiva joven a diferentes tematicas vinculadas a la educaci\u00f3n, al acceso a la vivienda, al primer empleo, capacitaciones, al ambiente, a la salud, entre otras\u00bb, explic\u00f3 Muller y a\u00f1adi\u00f3 que \u00abes necesario ocupar espacios de toma de decisiones en la cual la edad no sea un impedimento cuando la voluntad ciudadana se expresa en los comicios\u00bb.<\/p>\n","protected":false},"excerpt":{"rendered":"<p>La Municipalidad de Alumin\u00e9 a trav\u00e9s de la Direcci\u00f3n de Ni\u00f1ez, Adolescencias y Juventudes junto a 19 jovenes participaron ayer de la primera sesi\u00f3n del a\u00f1o del Concejo Provincial de Juventudes (COPROJUV) en Villa&#46;&#46;&#46;<\/p>\n","protected":false},"author":2,"featured_media":0,"comment_status":"closed","ping_status":"closed","sticky":false,"template":"","format":"standard","meta":{"footnotes":"","_links_to":"","_links_to_target":""},"categories":[1],"tags":[],"class_list":["post-2757","post","type-post","status-publish","format-standard","hentry","category-noticias"],"jetpack_featured_media_url":"","_links":{"self":[{"href":"https:\/\/alumine.gob.ar\/aluminenoticias\/wp-json\/wp\/v2\/posts\/2757","targetHints":{"allow":["GET"]}}],"collection":[{"href":"https:\/\/alumine.gob.ar\/aluminenoticias\/wp-json\/wp\/v2\/posts"}],"about":[{"href":"https:\/\/alumine.gob.ar\/aluminenoticias\/wp-json\/wp\/v2\/types\/post"}],"author":[{"embeddable":true,"href":"https:\/\/alumine.gob.ar\/aluminenoticias\/wp-json\/wp\/v2\/users\/2"}],"replies":[{"embeddable":true,"href":"https:\/\/alumine.gob.ar\/aluminenoticias\/wp-json\/wp\/v2\/comments?post=2757"}],"version-history":[{"count":1,"href":"https:\/\/alumine.gob.ar\/aluminenoticias\/wp-json\/wp\/v2\/posts\/2757\/revisions"}],"predecessor-version":[{"id":2760,"href":"https:\/\/alumine.gob.ar\/aluminenoticias\/wp-json\/wp\/v2\/posts\/2757\/revisions\/2760"}],"wp:attachment":[{"href":"https:\/\/alumine.gob.ar\/aluminenoticias\/wp-json\/wp\/v2\/media?parent=2757"}],"wp:term":[{"taxonomy":"category","embeddable":true,"href":"https:\/\/alumine.gob.ar\/aluminenoticias\/wp-json\/wp\/v2\/categories?post=2757"},{"taxonomy":"post_tag","embeddable":true,"href":"https:\/\/alumine.gob.ar\/aluminenoticias\/wp-json\/wp\/v2\/tags?post=2757"}],"curies":[{"name":"wp","href":"https:\/\/api.w.org\/{rel}","templated":true}]}}