{"id":2761,"date":"2023-01-26T14:24:51","date_gmt":"2023-01-26T14:24:51","guid":{"rendered":"http:\/\/alumine.gob.ar\/aluminenoticias\/?p=2761"},"modified":"2023-05-29T14:27:38","modified_gmt":"2023-05-29T14:27:38","slug":"se-reinauguro-la-sala-juan-benigar","status":"publish","type":"post","link":"https:\/\/alumine.gob.ar\/aluminenoticias\/2023\/01\/26\/se-reinauguro-la-sala-juan-benigar\/","title":{"rendered":"SE REINAUGUR\u00d3 LA SALA JUAN BENIGAR"},"content":{"rendered":"\n<p><img loading=\"lazy\" decoding=\"async\" height=\"16\" width=\"16\" alt=\"????\" src=\"https:\/\/static.xx.fbcdn.net\/images\/emoji.php\/v9\/ta\/1\/16\/1f464.png\"> Juan Benigar \u00abUn vecino, de otros tiempos\u00bb<\/p>\n\n\n\n<p><img loading=\"lazy\" decoding=\"async\" height=\"16\" width=\"16\" src=\"https:\/\/static.xx.fbcdn.net\/images\/emoji.php\/v9\/t49\/1\/16\/1f4da.png\" alt=\"????\">Se realiz\u00f3 ayer la esperada reinauguraci\u00f3n del espacio que resguarda la memoria y el legado intelectual de don Juan Benigar.<\/p>\n\n\n\n<figure class=\"wp-block-image size-large\"><a href=\"http:\/\/alumine.gob.ar\/aluminenoticias\/wp-content\/uploads\/2023\/05\/326195189_734125058047336_2816766482011853671_n.jpg\" data-rel=\"lightbox-gallery-s7vhqujw\" data-rl_title=\"\" data-rl_caption=\"\" title=\"\"><img loading=\"lazy\" decoding=\"async\" width=\"1024\" height=\"768\" src=\"http:\/\/alumine.gob.ar\/aluminenoticias\/wp-content\/uploads\/2023\/05\/326195189_734125058047336_2816766482011853671_n-1024x768.jpg\" alt=\"\" class=\"wp-image-2762\" srcset=\"https:\/\/alumine.gob.ar\/aluminenoticias\/wp-content\/uploads\/2023\/05\/326195189_734125058047336_2816766482011853671_n-1024x768.jpg 1024w, https:\/\/alumine.gob.ar\/aluminenoticias\/wp-content\/uploads\/2023\/05\/326195189_734125058047336_2816766482011853671_n-300x225.jpg 300w, https:\/\/alumine.gob.ar\/aluminenoticias\/wp-content\/uploads\/2023\/05\/326195189_734125058047336_2816766482011853671_n-768x576.jpg 768w, https:\/\/alumine.gob.ar\/aluminenoticias\/wp-content\/uploads\/2023\/05\/326195189_734125058047336_2816766482011853671_n.jpg 1080w\" sizes=\"auto, (max-width: 1024px) 100vw, 1024px\" \/><\/a><\/figure>\n\n\n\n<p><\/p>\n\n\n\n<p><a><\/a>Luego del trabajo de adecuacion y montaje de la sala por parte del equipo del Museo municipal, y en el marco del mes aniversario de su fallecimiento, se celebr\u00f3 esta reinauguraci\u00f3n con un encuentro junto al grupo investigador de su obra, referentes de instituciones locales, turistas, vecinas y vecinos de la localidad.<\/p>\n\n\n\n<p>La directora de Patrimonio Natural y Cultural, Mar\u00eda \u00d1ancucheo, expres\u00f3 que \u00abla sala Benigar viene a cubrir un pedido de la comunidad, la idea es que el Museo sea un espacio donde todas y todos puedan sentirse identificados\u00bb.<\/p>\n\n\n\n<figure class=\"wp-block-image size-large\"><a href=\"http:\/\/alumine.gob.ar\/aluminenoticias\/wp-content\/uploads\/2023\/05\/326277958_3300228533526173_8057059021722841721_n.jpg\" data-rel=\"lightbox-gallery-s7vhqujw\" data-rl_title=\"\" data-rl_caption=\"\" title=\"\"><img loading=\"lazy\" decoding=\"async\" width=\"1024\" height=\"768\" src=\"http:\/\/alumine.gob.ar\/aluminenoticias\/wp-content\/uploads\/2023\/05\/326277958_3300228533526173_8057059021722841721_n-1024x768.jpg\" alt=\"\" class=\"wp-image-2763\" srcset=\"https:\/\/alumine.gob.ar\/aluminenoticias\/wp-content\/uploads\/2023\/05\/326277958_3300228533526173_8057059021722841721_n-1024x768.jpg 1024w, https:\/\/alumine.gob.ar\/aluminenoticias\/wp-content\/uploads\/2023\/05\/326277958_3300228533526173_8057059021722841721_n-300x225.jpg 300w, https:\/\/alumine.gob.ar\/aluminenoticias\/wp-content\/uploads\/2023\/05\/326277958_3300228533526173_8057059021722841721_n-768x576.jpg 768w, https:\/\/alumine.gob.ar\/aluminenoticias\/wp-content\/uploads\/2023\/05\/326277958_3300228533526173_8057059021722841721_n.jpg 1080w\" sizes=\"auto, (max-width: 1024px) 100vw, 1024px\" \/><\/a><\/figure>\n\n\n\n<p><\/p>\n\n\n\n<p><img loading=\"lazy\" decoding=\"async\" height=\"16\" width=\"16\" alt=\"????\ufe0f\" src=\"https:\/\/static.xx.fbcdn.net\/images\/emoji.php\/v9\/t8b\/1\/16\/1f465.png\"> Se trata entonces de un nuevo espacio en el Museo, que pretende ser un lugar de exposici\u00f3n, consulta y construcci\u00f3n comunitaria.<\/p>\n","protected":false},"excerpt":{"rendered":"<p>Juan Benigar \u00abUn vecino, de otros tiempos\u00bb Se realiz\u00f3 ayer la esperada reinauguraci\u00f3n del espacio que resguarda la memoria y el legado intelectual de don Juan Benigar. Luego del trabajo de adecuacion y montaje&#46;&#46;&#46;<\/p>\n","protected":false},"author":2,"featured_media":0,"comment_status":"closed","ping_status":"closed","sticky":false,"template":"","format":"standard","meta":{"footnotes":"","_links_to":"","_links_to_target":""},"categories":[1],"tags":[],"class_list":["post-2761","post","type-post","status-publish","format-standard","hentry","category-noticias"],"jetpack_featured_media_url":"","_links":{"self":[{"href":"https:\/\/alumine.gob.ar\/aluminenoticias\/wp-json\/wp\/v2\/posts\/2761","targetHints":{"allow":["GET"]}}],"collection":[{"href":"https:\/\/alumine.gob.ar\/aluminenoticias\/wp-json\/wp\/v2\/posts"}],"about":[{"href":"https:\/\/alumine.gob.ar\/aluminenoticias\/wp-json\/wp\/v2\/types\/post"}],"author":[{"embeddable":true,"href":"https:\/\/alumine.gob.ar\/aluminenoticias\/wp-json\/wp\/v2\/users\/2"}],"replies":[{"embeddable":true,"href":"https:\/\/alumine.gob.ar\/aluminenoticias\/wp-json\/wp\/v2\/comments?post=2761"}],"version-history":[{"count":1,"href":"https:\/\/alumine.gob.ar\/aluminenoticias\/wp-json\/wp\/v2\/posts\/2761\/revisions"}],"predecessor-version":[{"id":2764,"href":"https:\/\/alumine.gob.ar\/aluminenoticias\/wp-json\/wp\/v2\/posts\/2761\/revisions\/2764"}],"wp:attachment":[{"href":"https:\/\/alumine.gob.ar\/aluminenoticias\/wp-json\/wp\/v2\/media?parent=2761"}],"wp:term":[{"taxonomy":"category","embeddable":true,"href":"https:\/\/alumine.gob.ar\/aluminenoticias\/wp-json\/wp\/v2\/categories?post=2761"},{"taxonomy":"post_tag","embeddable":true,"href":"https:\/\/alumine.gob.ar\/aluminenoticias\/wp-json\/wp\/v2\/tags?post=2761"}],"curies":[{"name":"wp","href":"https:\/\/api.w.org\/{rel}","templated":true}]}}