{"id":2768,"date":"2023-01-23T14:28:56","date_gmt":"2023-01-23T14:28:56","guid":{"rendered":"http:\/\/alumine.gob.ar\/aluminenoticias\/?p=2768"},"modified":"2023-05-29T14:30:03","modified_gmt":"2023-05-29T14:30:03","slug":"conformacion-del-centro-de-estudiantes-de-la-escuela-agrotecnica","status":"publish","type":"post","link":"https:\/\/alumine.gob.ar\/aluminenoticias\/2023\/01\/23\/conformacion-del-centro-de-estudiantes-de-la-escuela-agrotecnica\/","title":{"rendered":"CONFORMACI\u00d3N DEL CENTRO DE ESTUDIANTES DE LA ESCUELA AGROT\u00c9CNICA"},"content":{"rendered":"\n<p>La Municipalidad de Alumin\u00e9 a trav\u00e9s de la Direcci\u00f3n de Ni\u00f1ez, Adolescencia y Juventudes acompa\u00f1\u00f3 a estudiantes de la Escuela Agrotecnica Sagrada Familia de Alumin\u00e9, junto a la asesora pedag\u00f3gica M\u00f3nica Villegas, al segundo encuentro de formaci\u00f3n para la construcci\u00f3n del centro de estudiantes de la instituci\u00f3n.<\/p>\n\n\n\n<p>El primer encuentro se desarroll\u00f3 la semana pasada junto a la directora del establecimiento, Lucrecia Vicens, la profesora Gael Fiad y un grupo de estudiantes de 1\u2070 a 6\u2070 a\u00f1o que est\u00e1n interesados en conformarse como centro de estudiantes. La \u00faltima organizaci\u00f3n estudiantil fue en el a\u00f1o 2019, previo a la pandemia.<\/p>\n\n\n\n<p>En el espacio de hoy se compartieron experiencias a trav\u00e9s de una ex estudiante, Zaira Hern\u00e1ndez, quien fue parte del centro de estudiantes de ese a\u00f1o, y se abordaron los puntos centrales en cuanto a la legislaci\u00f3n nacional y provincial de conformaci\u00f3n de centros de estudiantes.<\/p>\n\n\n\n<p>La directora de Ni\u00f1ez, Adolescencias y Juventudes, Maira Muller expres\u00f3 \u201c la importancia de la participaci\u00f3n y la organizaci\u00f3n estudiantil como instancia fundamental para el ejercicio de la democracia. Por otra parte los estudiantes se vieron comprometidos en generar talleres y propuestas donde ellxs sean protagonistas a partir de sus deseos y necesidades \u201d.<\/p>\n","protected":false},"excerpt":{"rendered":"<p>La Municipalidad de Alumin\u00e9 a trav\u00e9s de la Direcci\u00f3n de Ni\u00f1ez, Adolescencia y Juventudes acompa\u00f1\u00f3 a estudiantes de la Escuela Agrotecnica Sagrada Familia de Alumin\u00e9, junto a la asesora pedag\u00f3gica M\u00f3nica Villegas, al segundo&#46;&#46;&#46;<\/p>\n","protected":false},"author":2,"featured_media":0,"comment_status":"closed","ping_status":"closed","sticky":false,"template":"","format":"standard","meta":{"footnotes":"","_links_to":"","_links_to_target":""},"categories":[1],"tags":[],"class_list":["post-2768","post","type-post","status-publish","format-standard","hentry","category-noticias"],"jetpack_featured_media_url":"","_links":{"self":[{"href":"https:\/\/alumine.gob.ar\/aluminenoticias\/wp-json\/wp\/v2\/posts\/2768","targetHints":{"allow":["GET"]}}],"collection":[{"href":"https:\/\/alumine.gob.ar\/aluminenoticias\/wp-json\/wp\/v2\/posts"}],"about":[{"href":"https:\/\/alumine.gob.ar\/aluminenoticias\/wp-json\/wp\/v2\/types\/post"}],"author":[{"embeddable":true,"href":"https:\/\/alumine.gob.ar\/aluminenoticias\/wp-json\/wp\/v2\/users\/2"}],"replies":[{"embeddable":true,"href":"https:\/\/alumine.gob.ar\/aluminenoticias\/wp-json\/wp\/v2\/comments?post=2768"}],"version-history":[{"count":1,"href":"https:\/\/alumine.gob.ar\/aluminenoticias\/wp-json\/wp\/v2\/posts\/2768\/revisions"}],"predecessor-version":[{"id":2769,"href":"https:\/\/alumine.gob.ar\/aluminenoticias\/wp-json\/wp\/v2\/posts\/2768\/revisions\/2769"}],"wp:attachment":[{"href":"https:\/\/alumine.gob.ar\/aluminenoticias\/wp-json\/wp\/v2\/media?parent=2768"}],"wp:term":[{"taxonomy":"category","embeddable":true,"href":"https:\/\/alumine.gob.ar\/aluminenoticias\/wp-json\/wp\/v2\/categories?post=2768"},{"taxonomy":"post_tag","embeddable":true,"href":"https:\/\/alumine.gob.ar\/aluminenoticias\/wp-json\/wp\/v2\/tags?post=2768"}],"curies":[{"name":"wp","href":"https:\/\/api.w.org\/{rel}","templated":true}]}}