{"id":2770,"date":"2023-01-19T14:30:12","date_gmt":"2023-01-19T14:30:12","guid":{"rendered":"http:\/\/alumine.gob.ar\/aluminenoticias\/?p=2770"},"modified":"2023-05-29T14:31:22","modified_gmt":"2023-05-29T14:31:22","slug":"enfermeria-comenzara-en-el-2023","status":"publish","type":"post","link":"https:\/\/alumine.gob.ar\/aluminenoticias\/2023\/01\/19\/enfermeria-comenzara-en-el-2023\/","title":{"rendered":"ENFERMER\u00cdA COMENZAR\u00c1 EN EL 2023"},"content":{"rendered":"\n<p>Se firm\u00f3 el convenio para que comience durante los primeros meses de este a\u00f1o el dictado de la carrera de Enfermer\u00eda en nuestra localidad.<\/p>\n\n\n\n<figure class=\"wp-block-image size-full\"><a href=\"http:\/\/alumine.gob.ar\/aluminenoticias\/wp-content\/uploads\/2023\/05\/326327465_1614806418958884_2529142119807882669_n.jpg\" data-rel=\"lightbox-gallery-QH0OX09c\" data-rl_title=\"\" data-rl_caption=\"\" title=\"\"><img loading=\"lazy\" decoding=\"async\" width=\"960\" height=\"720\" src=\"http:\/\/alumine.gob.ar\/aluminenoticias\/wp-content\/uploads\/2023\/05\/326327465_1614806418958884_2529142119807882669_n.jpg\" alt=\"\" class=\"wp-image-2771\" srcset=\"https:\/\/alumine.gob.ar\/aluminenoticias\/wp-content\/uploads\/2023\/05\/326327465_1614806418958884_2529142119807882669_n.jpg 960w, https:\/\/alumine.gob.ar\/aluminenoticias\/wp-content\/uploads\/2023\/05\/326327465_1614806418958884_2529142119807882669_n-300x225.jpg 300w, https:\/\/alumine.gob.ar\/aluminenoticias\/wp-content\/uploads\/2023\/05\/326327465_1614806418958884_2529142119807882669_n-768x576.jpg 768w\" sizes=\"auto, (max-width: 960px) 100vw, 960px\" \/><\/a><\/figure>\n\n\n\n<p><\/p>\n\n\n\n<p>El acuerdo con el Instituto Universitario de Ciencias de la Educaci\u00f3n (IUCE) permitir\u00e1 materializar las gestiones realizadas por el intendente Gabriel Alamo en conjunto con el coordinador del Consejo Zonal Pewence, lonco Daniel Salazar, dando lugar a la apertura de las inscripciones a la carrera <a><\/a>durante el mes de febrero.<\/p>\n\n\n\n<p>Alamo agradeci\u00f3 el acompa\u00f1amiento del gobierno provincial a trav\u00e9s del gobernador Omar Guti\u00e9rrez, la ministra Andrea Peve y el ministro Osvaldo Llancafilo. Adem\u00e1s explic\u00f3 que \u00abel convenio se env\u00eda al CPE para lograr el aval y poder comenzar con las inscripciones\u00bb. Finalmente asegur\u00f3 que con la llegada de esta carrera se est\u00e1 atendiendo una \u201cenorme demanda social en nuestra localidad y que viene a responder tambi\u00e9n a las necesidades que surgen de los proyectos de salud intercultural en nuestro departamento\u00bb.<\/p>\n\n\n\n<p><img loading=\"lazy\" decoding=\"async\" height=\"16\" width=\"16\" alt=\"\u25b6\ufe0f\" src=\"https:\/\/static.xx.fbcdn.net\/images\/emoji.php\/v9\/t40\/1\/16\/25b6.png\">En las pr\u00f3ximas semanas se brindar\u00e1n precisiones sobre la fecha de apertura del per\u00edodo de inscripci\u00f3n y modalidad de cursado.<\/p>\n","protected":false},"excerpt":{"rendered":"<p>Se firm\u00f3 el convenio para que comience durante los primeros meses de este a\u00f1o el dictado de la carrera de Enfermer\u00eda en nuestra localidad. El acuerdo con el Instituto Universitario de Ciencias de la&#46;&#46;&#46;<\/p>\n","protected":false},"author":2,"featured_media":0,"comment_status":"closed","ping_status":"closed","sticky":false,"template":"","format":"standard","meta":{"footnotes":"","_links_to":"","_links_to_target":""},"categories":[1],"tags":[],"class_list":["post-2770","post","type-post","status-publish","format-standard","hentry","category-noticias"],"jetpack_featured_media_url":"","_links":{"self":[{"href":"https:\/\/alumine.gob.ar\/aluminenoticias\/wp-json\/wp\/v2\/posts\/2770","targetHints":{"allow":["GET"]}}],"collection":[{"href":"https:\/\/alumine.gob.ar\/aluminenoticias\/wp-json\/wp\/v2\/posts"}],"about":[{"href":"https:\/\/alumine.gob.ar\/aluminenoticias\/wp-json\/wp\/v2\/types\/post"}],"author":[{"embeddable":true,"href":"https:\/\/alumine.gob.ar\/aluminenoticias\/wp-json\/wp\/v2\/users\/2"}],"replies":[{"embeddable":true,"href":"https:\/\/alumine.gob.ar\/aluminenoticias\/wp-json\/wp\/v2\/comments?post=2770"}],"version-history":[{"count":1,"href":"https:\/\/alumine.gob.ar\/aluminenoticias\/wp-json\/wp\/v2\/posts\/2770\/revisions"}],"predecessor-version":[{"id":2772,"href":"https:\/\/alumine.gob.ar\/aluminenoticias\/wp-json\/wp\/v2\/posts\/2770\/revisions\/2772"}],"wp:attachment":[{"href":"https:\/\/alumine.gob.ar\/aluminenoticias\/wp-json\/wp\/v2\/media?parent=2770"}],"wp:term":[{"taxonomy":"category","embeddable":true,"href":"https:\/\/alumine.gob.ar\/aluminenoticias\/wp-json\/wp\/v2\/categories?post=2770"},{"taxonomy":"post_tag","embeddable":true,"href":"https:\/\/alumine.gob.ar\/aluminenoticias\/wp-json\/wp\/v2\/tags?post=2770"}],"curies":[{"name":"wp","href":"https:\/\/api.w.org\/{rel}","templated":true}]}}