{"id":2773,"date":"2023-01-19T14:31:32","date_gmt":"2023-01-19T14:31:32","guid":{"rendered":"http:\/\/alumine.gob.ar\/aluminenoticias\/?p=2773"},"modified":"2023-05-29T14:33:04","modified_gmt":"2023-05-29T14:33:04","slug":"bailaron-tango-junto-a-abrazo-alumine","status":"publish","type":"post","link":"https:\/\/alumine.gob.ar\/aluminenoticias\/2023\/01\/19\/bailaron-tango-junto-a-abrazo-alumine\/","title":{"rendered":"BAILARON TANGO JUNTO A \u201cABRAZO ALUMIN\u00c9 \u201c"},"content":{"rendered":"\n<p>Agradecemos a lxs profes \u00c1lvaro Silva, Marta Eljall, Elvecia P\u00e9rez de Santiago del Estero y a Lisandro Achari de nuestra localidad que junto a j\u00f3venes y adultxs bailaron al comp\u00e1s del dos por cuatro.<\/p>\n\n\n\n<figure class=\"wp-block-image size-large\"><a href=\"http:\/\/alumine.gob.ar\/aluminenoticias\/wp-content\/uploads\/2023\/05\/326232112_1322766485241971_6169203217446619728_n.jpg\" data-rel=\"lightbox-gallery-ttDmQRE4\" data-rl_title=\"\" data-rl_caption=\"\" title=\"\"><img loading=\"lazy\" decoding=\"async\" width=\"1024\" height=\"768\" src=\"http:\/\/alumine.gob.ar\/aluminenoticias\/wp-content\/uploads\/2023\/05\/326232112_1322766485241971_6169203217446619728_n-1024x768.jpg\" alt=\"\" class=\"wp-image-2774\" srcset=\"https:\/\/alumine.gob.ar\/aluminenoticias\/wp-content\/uploads\/2023\/05\/326232112_1322766485241971_6169203217446619728_n-1024x768.jpg 1024w, https:\/\/alumine.gob.ar\/aluminenoticias\/wp-content\/uploads\/2023\/05\/326232112_1322766485241971_6169203217446619728_n-300x225.jpg 300w, https:\/\/alumine.gob.ar\/aluminenoticias\/wp-content\/uploads\/2023\/05\/326232112_1322766485241971_6169203217446619728_n-768x576.jpg 768w, https:\/\/alumine.gob.ar\/aluminenoticias\/wp-content\/uploads\/2023\/05\/326232112_1322766485241971_6169203217446619728_n.jpg 1152w\" sizes=\"auto, (max-width: 1024px) 100vw, 1024px\" \/><\/a><\/figure>\n","protected":false},"excerpt":{"rendered":"<p>Agradecemos a lxs profes \u00c1lvaro Silva, Marta Eljall, Elvecia P\u00e9rez de Santiago del Estero y a Lisandro Achari de nuestra localidad que junto a j\u00f3venes y adultxs bailaron al comp\u00e1s del dos por cuatro.<\/p>\n","protected":false},"author":2,"featured_media":0,"comment_status":"closed","ping_status":"closed","sticky":false,"template":"","format":"standard","meta":{"footnotes":"","_links_to":"","_links_to_target":""},"categories":[1],"tags":[],"class_list":["post-2773","post","type-post","status-publish","format-standard","hentry","category-noticias"],"jetpack_featured_media_url":"","_links":{"self":[{"href":"https:\/\/alumine.gob.ar\/aluminenoticias\/wp-json\/wp\/v2\/posts\/2773","targetHints":{"allow":["GET"]}}],"collection":[{"href":"https:\/\/alumine.gob.ar\/aluminenoticias\/wp-json\/wp\/v2\/posts"}],"about":[{"href":"https:\/\/alumine.gob.ar\/aluminenoticias\/wp-json\/wp\/v2\/types\/post"}],"author":[{"embeddable":true,"href":"https:\/\/alumine.gob.ar\/aluminenoticias\/wp-json\/wp\/v2\/users\/2"}],"replies":[{"embeddable":true,"href":"https:\/\/alumine.gob.ar\/aluminenoticias\/wp-json\/wp\/v2\/comments?post=2773"}],"version-history":[{"count":1,"href":"https:\/\/alumine.gob.ar\/aluminenoticias\/wp-json\/wp\/v2\/posts\/2773\/revisions"}],"predecessor-version":[{"id":2775,"href":"https:\/\/alumine.gob.ar\/aluminenoticias\/wp-json\/wp\/v2\/posts\/2773\/revisions\/2775"}],"wp:attachment":[{"href":"https:\/\/alumine.gob.ar\/aluminenoticias\/wp-json\/wp\/v2\/media?parent=2773"}],"wp:term":[{"taxonomy":"category","embeddable":true,"href":"https:\/\/alumine.gob.ar\/aluminenoticias\/wp-json\/wp\/v2\/categories?post=2773"},{"taxonomy":"post_tag","embeddable":true,"href":"https:\/\/alumine.gob.ar\/aluminenoticias\/wp-json\/wp\/v2\/tags?post=2773"}],"curies":[{"name":"wp","href":"https:\/\/api.w.org\/{rel}","templated":true}]}}