{"id":2776,"date":"2023-01-18T14:33:12","date_gmt":"2023-01-18T14:33:12","guid":{"rendered":"http:\/\/alumine.gob.ar\/aluminenoticias\/?p=2776"},"modified":"2023-05-29T14:34:30","modified_gmt":"2023-05-29T14:34:30","slug":"alumine-produce","status":"publish","type":"post","link":"https:\/\/alumine.gob.ar\/aluminenoticias\/2023\/01\/18\/alumine-produce\/","title":{"rendered":"ALUMIN\u00c9 PRODUCE"},"content":{"rendered":"\n<p>Cada vez m\u00e1s familias deciden producir alimentos en sus casas a trav\u00e9s del Programa Huerta en Casa. La <a href=\"https:\/\/www.facebook.com\/profile.php?id=100067850341092&amp;__cft__[0]=AZUo6QQ4L479wUrU47xJVk7BYVuznjjZPIsB4zrn9r7pafx-_C7rt9J7gaUCHui8Qb9Mvg7q4kSiVXdG1ZTxBVTmYee39tUOyVxaM50xnMz-SjX3yccfbzHT_Lyw9ouE1ESYc0KrixScvLGA45d3hSmBCCHGc-7AhpVVpDRL4Bi4Oc0cH_Gm1uHgosDBO4lN89U&amp;__tn__=-]K-R\">Secretar\u00eda de Producci\u00f3n y Ambiente Alumin\u00e9<\/a> hizo entrega hoy de plantines de lechuga, acelga, remolacha y albahaca y muchas personas se acercaron por primera vez a conocer el programa y recibir asesoramiento.<\/p>\n\n\n\n<figure class=\"wp-block-image size-large\"><a href=\"http:\/\/alumine.gob.ar\/aluminenoticias\/wp-content\/uploads\/2023\/05\/323449459_743435286873614_2914707058892028082_n.jpg\" data-rel=\"lightbox-gallery-EteMF4BB\" data-rl_title=\"\" data-rl_caption=\"\" title=\"\"><img loading=\"lazy\" decoding=\"async\" width=\"1024\" height=\"686\" src=\"http:\/\/alumine.gob.ar\/aluminenoticias\/wp-content\/uploads\/2023\/05\/323449459_743435286873614_2914707058892028082_n-1024x686.jpg\" alt=\"\" class=\"wp-image-2777\" srcset=\"https:\/\/alumine.gob.ar\/aluminenoticias\/wp-content\/uploads\/2023\/05\/323449459_743435286873614_2914707058892028082_n-1024x686.jpg 1024w, https:\/\/alumine.gob.ar\/aluminenoticias\/wp-content\/uploads\/2023\/05\/323449459_743435286873614_2914707058892028082_n-300x201.jpg 300w, https:\/\/alumine.gob.ar\/aluminenoticias\/wp-content\/uploads\/2023\/05\/323449459_743435286873614_2914707058892028082_n-768x515.jpg 768w, https:\/\/alumine.gob.ar\/aluminenoticias\/wp-content\/uploads\/2023\/05\/323449459_743435286873614_2914707058892028082_n.jpg 1280w\" sizes=\"auto, (max-width: 1024px) 100vw, 1024px\" \/><\/a><\/figure>\n\n\n\n<p><\/p>\n\n\n\n<p>\u00a1Gracias Alumin\u00e9!<\/p>\n","protected":false},"excerpt":{"rendered":"<p>Cada vez m\u00e1s familias deciden producir alimentos en sus casas a trav\u00e9s del Programa Huerta en Casa. La Secretar\u00eda de Producci\u00f3n y Ambiente Alumin\u00e9 hizo entrega hoy de plantines de lechuga, acelga, remolacha y&#46;&#46;&#46;<\/p>\n","protected":false},"author":2,"featured_media":0,"comment_status":"closed","ping_status":"closed","sticky":false,"template":"","format":"standard","meta":{"footnotes":"","_links_to":"","_links_to_target":""},"categories":[1],"tags":[],"class_list":["post-2776","post","type-post","status-publish","format-standard","hentry","category-noticias"],"jetpack_featured_media_url":"","_links":{"self":[{"href":"https:\/\/alumine.gob.ar\/aluminenoticias\/wp-json\/wp\/v2\/posts\/2776","targetHints":{"allow":["GET"]}}],"collection":[{"href":"https:\/\/alumine.gob.ar\/aluminenoticias\/wp-json\/wp\/v2\/posts"}],"about":[{"href":"https:\/\/alumine.gob.ar\/aluminenoticias\/wp-json\/wp\/v2\/types\/post"}],"author":[{"embeddable":true,"href":"https:\/\/alumine.gob.ar\/aluminenoticias\/wp-json\/wp\/v2\/users\/2"}],"replies":[{"embeddable":true,"href":"https:\/\/alumine.gob.ar\/aluminenoticias\/wp-json\/wp\/v2\/comments?post=2776"}],"version-history":[{"count":1,"href":"https:\/\/alumine.gob.ar\/aluminenoticias\/wp-json\/wp\/v2\/posts\/2776\/revisions"}],"predecessor-version":[{"id":2778,"href":"https:\/\/alumine.gob.ar\/aluminenoticias\/wp-json\/wp\/v2\/posts\/2776\/revisions\/2778"}],"wp:attachment":[{"href":"https:\/\/alumine.gob.ar\/aluminenoticias\/wp-json\/wp\/v2\/media?parent=2776"}],"wp:term":[{"taxonomy":"category","embeddable":true,"href":"https:\/\/alumine.gob.ar\/aluminenoticias\/wp-json\/wp\/v2\/categories?post=2776"},{"taxonomy":"post_tag","embeddable":true,"href":"https:\/\/alumine.gob.ar\/aluminenoticias\/wp-json\/wp\/v2\/tags?post=2776"}],"curies":[{"name":"wp","href":"https:\/\/api.w.org\/{rel}","templated":true}]}}