{"id":2783,"date":"2023-01-16T14:37:54","date_gmt":"2023-01-16T14:37:54","guid":{"rendered":"http:\/\/alumine.gob.ar\/aluminenoticias\/?p=2783"},"modified":"2023-05-29T14:39:36","modified_gmt":"2023-05-29T14:39:36","slug":"comenzo-la-colonia-de-verano-2023","status":"publish","type":"post","link":"https:\/\/alumine.gob.ar\/aluminenoticias\/2023\/01\/16\/comenzo-la-colonia-de-verano-2023\/","title":{"rendered":"COMENZ\u00d3 LA COLONIA DE VERANO 2023"},"content":{"rendered":"\n<p>Con casi 100 ni\u00f1as y ni\u00f1os, comenz\u00f3 hoy la Colonia municipal de Verano que se extender\u00e1 hasta el 16 de febrero, a trav\u00e9s de los equipos de la direcci\u00f3n de Deportes y la secretar\u00eda de Ciudadan\u00eda.<\/p>\n\n\n\n<figure class=\"wp-block-image size-full\"><a href=\"http:\/\/alumine.gob.ar\/aluminenoticias\/wp-content\/uploads\/2023\/05\/323022004_880328703025069_44523231380314393_n.jpg\" data-rel=\"lightbox-gallery-3dvFfHED\" data-rl_title=\"\" data-rl_caption=\"\" title=\"\"><img loading=\"lazy\" decoding=\"async\" width=\"960\" height=\"640\" src=\"http:\/\/alumine.gob.ar\/aluminenoticias\/wp-content\/uploads\/2023\/05\/323022004_880328703025069_44523231380314393_n.jpg\" alt=\"\" class=\"wp-image-2784\" srcset=\"https:\/\/alumine.gob.ar\/aluminenoticias\/wp-content\/uploads\/2023\/05\/323022004_880328703025069_44523231380314393_n.jpg 960w, https:\/\/alumine.gob.ar\/aluminenoticias\/wp-content\/uploads\/2023\/05\/323022004_880328703025069_44523231380314393_n-300x200.jpg 300w, https:\/\/alumine.gob.ar\/aluminenoticias\/wp-content\/uploads\/2023\/05\/323022004_880328703025069_44523231380314393_n-768x512.jpg 768w\" sizes=\"auto, (max-width: 960px) 100vw, 960px\" \/><\/a><\/figure>\n\n\n\n<p><\/p>\n\n\n\n<p>La propuesta incluye actividades deportivas, recreativas, culturales y es totalmente libre y gratuita para ni\u00f1os y ni\u00f1as de 5 a 12 a\u00f1os, y se desarrolla de 9:00 a 12.30 hs. en el Balneario Municipal.<\/p>\n\n\n\n<figure class=\"wp-block-image size-large\"><a href=\"http:\/\/alumine.gob.ar\/aluminenoticias\/wp-content\/uploads\/2023\/05\/323461044_690633952545247_9059442136858474551_n-1.jpg\" data-rel=\"lightbox-gallery-3dvFfHED\" data-rl_title=\"\" data-rl_caption=\"\" title=\"\"><img loading=\"lazy\" decoding=\"async\" width=\"1024\" height=\"682\" src=\"http:\/\/alumine.gob.ar\/aluminenoticias\/wp-content\/uploads\/2023\/05\/323461044_690633952545247_9059442136858474551_n-1-1024x682.jpg\" alt=\"\" class=\"wp-image-2787\" srcset=\"https:\/\/alumine.gob.ar\/aluminenoticias\/wp-content\/uploads\/2023\/05\/323461044_690633952545247_9059442136858474551_n-1-1024x682.jpg 1024w, https:\/\/alumine.gob.ar\/aluminenoticias\/wp-content\/uploads\/2023\/05\/323461044_690633952545247_9059442136858474551_n-1-300x200.jpg 300w, https:\/\/alumine.gob.ar\/aluminenoticias\/wp-content\/uploads\/2023\/05\/323461044_690633952545247_9059442136858474551_n-1-768x512.jpg 768w, https:\/\/alumine.gob.ar\/aluminenoticias\/wp-content\/uploads\/2023\/05\/323461044_690633952545247_9059442136858474551_n-1.jpg 1280w\" sizes=\"auto, (max-width: 1024px) 100vw, 1024px\" \/><\/a><\/figure>\n\n\n\n<p><\/p>\n\n\n\n<p>Las inscripciones seguir\u00e1n abiertas durante la semana pr\u00f3xima, quienes deseen participar podr\u00e1n anotarse de 8:00 A 13:00 hs en el SAF con fotocopia del DNI.<\/p>\n","protected":false},"excerpt":{"rendered":"<p>Con casi 100 ni\u00f1as y ni\u00f1os, comenz\u00f3 hoy la Colonia municipal de Verano que se extender\u00e1 hasta el 16 de febrero, a trav\u00e9s de los equipos de la direcci\u00f3n de Deportes y la secretar\u00eda&#46;&#46;&#46;<\/p>\n","protected":false},"author":2,"featured_media":0,"comment_status":"closed","ping_status":"closed","sticky":false,"template":"","format":"standard","meta":{"footnotes":"","_links_to":"","_links_to_target":""},"categories":[1],"tags":[],"class_list":["post-2783","post","type-post","status-publish","format-standard","hentry","category-noticias"],"jetpack_featured_media_url":"","_links":{"self":[{"href":"https:\/\/alumine.gob.ar\/aluminenoticias\/wp-json\/wp\/v2\/posts\/2783","targetHints":{"allow":["GET"]}}],"collection":[{"href":"https:\/\/alumine.gob.ar\/aluminenoticias\/wp-json\/wp\/v2\/posts"}],"about":[{"href":"https:\/\/alumine.gob.ar\/aluminenoticias\/wp-json\/wp\/v2\/types\/post"}],"author":[{"embeddable":true,"href":"https:\/\/alumine.gob.ar\/aluminenoticias\/wp-json\/wp\/v2\/users\/2"}],"replies":[{"embeddable":true,"href":"https:\/\/alumine.gob.ar\/aluminenoticias\/wp-json\/wp\/v2\/comments?post=2783"}],"version-history":[{"count":1,"href":"https:\/\/alumine.gob.ar\/aluminenoticias\/wp-json\/wp\/v2\/posts\/2783\/revisions"}],"predecessor-version":[{"id":2788,"href":"https:\/\/alumine.gob.ar\/aluminenoticias\/wp-json\/wp\/v2\/posts\/2783\/revisions\/2788"}],"wp:attachment":[{"href":"https:\/\/alumine.gob.ar\/aluminenoticias\/wp-json\/wp\/v2\/media?parent=2783"}],"wp:term":[{"taxonomy":"category","embeddable":true,"href":"https:\/\/alumine.gob.ar\/aluminenoticias\/wp-json\/wp\/v2\/categories?post=2783"},{"taxonomy":"post_tag","embeddable":true,"href":"https:\/\/alumine.gob.ar\/aluminenoticias\/wp-json\/wp\/v2\/tags?post=2783"}],"curies":[{"name":"wp","href":"https:\/\/api.w.org\/{rel}","templated":true}]}}