{"id":2792,"date":"2023-01-15T14:41:25","date_gmt":"2023-01-15T14:41:25","guid":{"rendered":"http:\/\/alumine.gob.ar\/aluminenoticias\/?p=2792"},"modified":"2023-05-29T14:44:27","modified_gmt":"2023-05-29T14:44:27","slug":"gran-convocatoria-por-la-fiesta-provincial-del-asado-con-cuero-en-alumine","status":"publish","type":"post","link":"https:\/\/alumine.gob.ar\/aluminenoticias\/2023\/01\/15\/gran-convocatoria-por-la-fiesta-provincial-del-asado-con-cuero-en-alumine\/","title":{"rendered":"GRAN CONVOCATORIA POR LA FIESTA PROVINCIAL DEL ASADO CON CUERO EN ALUMIN\u00c9"},"content":{"rendered":"\n<p>En el evento hubo gran participaci\u00f3n de la comunidad campera, aluminenses y turistas que coparon las plazas tur\u00edsticas. El departamento tuvo casi ocupaci\u00f3n plena.<\/p>\n\n\n\n<figure class=\"wp-block-image size-large\"><a href=\"http:\/\/alumine.gob.ar\/aluminenoticias\/wp-content\/uploads\/2023\/05\/325731147_1507428893117969_3414659586372750755_n.jpg\" data-rel=\"lightbox-gallery-EngcVk5S\" data-rl_title=\"\" data-rl_caption=\"\" title=\"\"><img loading=\"lazy\" decoding=\"async\" width=\"768\" height=\"1024\" src=\"http:\/\/alumine.gob.ar\/aluminenoticias\/wp-content\/uploads\/2023\/05\/325731147_1507428893117969_3414659586372750755_n-768x1024.jpg\" alt=\"\" class=\"wp-image-2793\" srcset=\"https:\/\/alumine.gob.ar\/aluminenoticias\/wp-content\/uploads\/2023\/05\/325731147_1507428893117969_3414659586372750755_n-768x1024.jpg 768w, https:\/\/alumine.gob.ar\/aluminenoticias\/wp-content\/uploads\/2023\/05\/325731147_1507428893117969_3414659586372750755_n-225x300.jpg 225w, https:\/\/alumine.gob.ar\/aluminenoticias\/wp-content\/uploads\/2023\/05\/325731147_1507428893117969_3414659586372750755_n-1152x1536.jpg 1152w, https:\/\/alumine.gob.ar\/aluminenoticias\/wp-content\/uploads\/2023\/05\/325731147_1507428893117969_3414659586372750755_n.jpg 1536w\" sizes=\"auto, (max-width: 768px) 100vw, 768px\" \/><\/a><\/figure>\n\n\n\n<p><\/p>\n\n\n\n<p>El predio \u201cJuli\u00e1n Parra\u201d alberg\u00f3 a cientos que, desde distintos puntos de la provincia y el pa\u00eds, se congregaron para disfrutar de esta gran fiesta campera.<\/p>\n\n\n\n<p>Margarita \u00c1vila, referente del Centro Tradicionalista el Cencerro, expres\u00f3 con emoci\u00f3n el \u201corgullo de que nuestra fiesta haya sido declarada de inter\u00e9s provincial. Alumin\u00e9 brega por mantener sus tradiciones, cimentadas en el recuerdo de qui\u00e9nes llegaron antes de 1915\u201d.<\/p>\n\n\n\n<p>El intendente Gabriel Alamo mostr\u00f3 su reconocimiento \u201cal trabajo en el campo, criollo, en las comunidades y la zona rural, para que el departamento y la patria siga creciendo\u201d.<\/p>\n\n\n\n<p>Por su parte, el ministro de Turismo Sandro Badilla, destac\u00f3 que la celebraci\u00f3n de esta primera fiesta provincial \u00abse desarrolla en un momento muy especial para todo el departamento, con una temporada tur\u00edstica extraordinaria\u201d.<\/p>\n\n\n\n<figure class=\"wp-block-image size-large\"><a href=\"http:\/\/alumine.gob.ar\/aluminenoticias\/wp-content\/uploads\/2023\/05\/325717656_1098587784145377_1556385373490923335_n.jpg\" data-rel=\"lightbox-gallery-EngcVk5S\" data-rl_title=\"\" data-rl_caption=\"\" title=\"\"><img loading=\"lazy\" decoding=\"async\" width=\"1024\" height=\"768\" src=\"http:\/\/alumine.gob.ar\/aluminenoticias\/wp-content\/uploads\/2023\/05\/325717656_1098587784145377_1556385373490923335_n-1024x768.jpg\" alt=\"\" class=\"wp-image-2794\" srcset=\"https:\/\/alumine.gob.ar\/aluminenoticias\/wp-content\/uploads\/2023\/05\/325717656_1098587784145377_1556385373490923335_n-1024x768.jpg 1024w, https:\/\/alumine.gob.ar\/aluminenoticias\/wp-content\/uploads\/2023\/05\/325717656_1098587784145377_1556385373490923335_n-300x225.jpg 300w, https:\/\/alumine.gob.ar\/aluminenoticias\/wp-content\/uploads\/2023\/05\/325717656_1098587784145377_1556385373490923335_n-768x576.jpg 768w, https:\/\/alumine.gob.ar\/aluminenoticias\/wp-content\/uploads\/2023\/05\/325717656_1098587784145377_1556385373490923335_n-1536x1152.jpg 1536w, https:\/\/alumine.gob.ar\/aluminenoticias\/wp-content\/uploads\/2023\/05\/325717656_1098587784145377_1556385373490923335_n.jpg 2048w\" sizes=\"auto, (max-width: 1024px) 100vw, 1024px\" \/><\/a><\/figure>\n\n\n\n<p><\/p>\n\n\n\n<p>Finalmente el vicegobernador Marcos Koopmann asumi\u00f3 el compromiso de la realizaci\u00f3n de \u00abla obra que tanto necesitaban: la cantina y los ba\u00f1os para la segunda edici\u00f3n de la fiesta provincial\u201d. Se realizar\u00e1 a trav\u00e9s del municipio y en conjunto con Corfone.<\/p>\n\n\n\n<p>La enorme labor de asar el asado con cuero, comida t\u00edpica de la cordillera neuquina, estuvo en manos de los asadores Alfonso Luengo, Juan Melo, Rub\u00e9n Godoy, Ra\u00fal \u00c1lvarez, Egidio Rivera y familia, Germ\u00e1n Flores y familia. Quienes se lucieron ante los espectadores y deleitaron a los comensales.<\/p>\n\n\n\n<p>La jornada estuvo cargada de emociones, no s\u00f3lo por las vividas durante el desarrollo de las destrezas y actividades criollas, sino tambi\u00e9n por la presencia de Traful Berbel, quien enton\u00f3 las estrofas de los Himnos Nacional y Provincial.<\/p>\n\n\n\n<p>Los que saben, dicen que en el campo de jineteada hubo presentaci\u00f3n de buenos animales y de gauchos y gauchas que se hamacaron, entretejieron y tallaron la pista.<\/p>\n","protected":false},"excerpt":{"rendered":"<p>En el evento hubo gran participaci\u00f3n de la comunidad campera, aluminenses y turistas que coparon las plazas tur\u00edsticas. El departamento tuvo casi ocupaci\u00f3n plena. El predio \u201cJuli\u00e1n Parra\u201d alberg\u00f3 a cientos que, desde distintos&#46;&#46;&#46;<\/p>\n","protected":false},"author":2,"featured_media":0,"comment_status":"closed","ping_status":"closed","sticky":false,"template":"","format":"standard","meta":{"footnotes":"","_links_to":"","_links_to_target":""},"categories":[1],"tags":[],"class_list":["post-2792","post","type-post","status-publish","format-standard","hentry","category-noticias"],"jetpack_featured_media_url":"","_links":{"self":[{"href":"https:\/\/alumine.gob.ar\/aluminenoticias\/wp-json\/wp\/v2\/posts\/2792","targetHints":{"allow":["GET"]}}],"collection":[{"href":"https:\/\/alumine.gob.ar\/aluminenoticias\/wp-json\/wp\/v2\/posts"}],"about":[{"href":"https:\/\/alumine.gob.ar\/aluminenoticias\/wp-json\/wp\/v2\/types\/post"}],"author":[{"embeddable":true,"href":"https:\/\/alumine.gob.ar\/aluminenoticias\/wp-json\/wp\/v2\/users\/2"}],"replies":[{"embeddable":true,"href":"https:\/\/alumine.gob.ar\/aluminenoticias\/wp-json\/wp\/v2\/comments?post=2792"}],"version-history":[{"count":1,"href":"https:\/\/alumine.gob.ar\/aluminenoticias\/wp-json\/wp\/v2\/posts\/2792\/revisions"}],"predecessor-version":[{"id":2795,"href":"https:\/\/alumine.gob.ar\/aluminenoticias\/wp-json\/wp\/v2\/posts\/2792\/revisions\/2795"}],"wp:attachment":[{"href":"https:\/\/alumine.gob.ar\/aluminenoticias\/wp-json\/wp\/v2\/media?parent=2792"}],"wp:term":[{"taxonomy":"category","embeddable":true,"href":"https:\/\/alumine.gob.ar\/aluminenoticias\/wp-json\/wp\/v2\/categories?post=2792"},{"taxonomy":"post_tag","embeddable":true,"href":"https:\/\/alumine.gob.ar\/aluminenoticias\/wp-json\/wp\/v2\/tags?post=2792"}],"curies":[{"name":"wp","href":"https:\/\/api.w.org\/{rel}","templated":true}]}}