{"id":2796,"date":"2023-01-14T14:44:39","date_gmt":"2023-01-14T14:44:39","guid":{"rendered":"http:\/\/alumine.gob.ar\/aluminenoticias\/?p=2796"},"modified":"2023-05-29T14:46:54","modified_gmt":"2023-05-29T14:46:54","slug":"en-alumine-ya-se-vive-la-1o-fiesta-provincial-del-asado-con-cuero","status":"publish","type":"post","link":"https:\/\/alumine.gob.ar\/aluminenoticias\/2023\/01\/14\/en-alumine-ya-se-vive-la-1o-fiesta-provincial-del-asado-con-cuero\/","title":{"rendered":"EN ALUMIN\u00c9 YA SE VIVE LA 1\u00ba FIESTA PROVINCIAL DEL ASADO CON CUERO."},"content":{"rendered":"\n<p>La primera fiesta del calendario provincial de Fiestas Populares, revaloriza las tradiciones y costumbres camperas del departamento Alumin\u00e9.<\/p>\n\n\n\n<figure class=\"wp-block-image size-large\"><a href=\"http:\/\/alumine.gob.ar\/aluminenoticias\/wp-content\/uploads\/2023\/05\/325399632_1095479991850309_8146846830805862501_n.jpg\" data-rel=\"lightbox-gallery-fYJlhqXx\" data-rl_title=\"\" data-rl_caption=\"\" title=\"\"><img loading=\"lazy\" decoding=\"async\" width=\"768\" height=\"1024\" src=\"http:\/\/alumine.gob.ar\/aluminenoticias\/wp-content\/uploads\/2023\/05\/325399632_1095479991850309_8146846830805862501_n-768x1024.jpg\" alt=\"\" class=\"wp-image-2797\" srcset=\"https:\/\/alumine.gob.ar\/aluminenoticias\/wp-content\/uploads\/2023\/05\/325399632_1095479991850309_8146846830805862501_n-768x1024.jpg 768w, https:\/\/alumine.gob.ar\/aluminenoticias\/wp-content\/uploads\/2023\/05\/325399632_1095479991850309_8146846830805862501_n-225x300.jpg 225w, https:\/\/alumine.gob.ar\/aluminenoticias\/wp-content\/uploads\/2023\/05\/325399632_1095479991850309_8146846830805862501_n-1152x1536.jpg 1152w, https:\/\/alumine.gob.ar\/aluminenoticias\/wp-content\/uploads\/2023\/05\/325399632_1095479991850309_8146846830805862501_n.jpg 1536w\" sizes=\"auto, (max-width: 768px) 100vw, 768px\" \/><\/a><\/figure>\n\n\n\n<p><\/p>\n\n\n\n<p>Gauchos, gauchas, vecinos, vecinas y visitantes se congregaron desde distintos puntos de la provincia y el pa\u00eds, en el predio \u201cJuli\u00e1n Parra\u201d para disfrutar de esta celebraci\u00f3n.<\/p>\n\n\n\n<p><img loading=\"lazy\" decoding=\"async\" height=\"16\" width=\"16\" src=\"https:\/\/static.xx.fbcdn.net\/images\/emoji.php\/v9\/t51\/1\/16\/1f449.png\" alt=\"????\">Hoy por la media noche se viene \u00a1Gran Bailanta campera! y tocar\u00e1n Bruno Huinca y sus Chamameceros, Sentimiento Chamamecero y los Chama de la Buitrera.<\/p>\n\n\n\n<p><img loading=\"lazy\" decoding=\"async\" height=\"16\" width=\"16\" alt=\"????\" src=\"https:\/\/static.xx.fbcdn.net\/images\/emoji.php\/v9\/t51\/1\/16\/1f449.png\">Ma\u00f1ana <img loading=\"lazy\" decoding=\"async\" height=\"16\" width=\"16\" alt=\"????\" src=\"https:\/\/static.xx.fbcdn.net\/images\/emoji.php\/v9\/t51\/1\/16\/1f449.png\">Domingo:<\/p>\n\n\n\n<p><img loading=\"lazy\" decoding=\"async\" height=\"16\" width=\"16\" alt=\"\u2714\ufe0f\" src=\"https:\/\/static.xx.fbcdn.net\/images\/emoji.php\/v9\/t51\/1\/16\/2714.png\">10:30 hs. Prueba de ruedas tambores<\/p>\n\n\n\n<p><img loading=\"lazy\" decoding=\"async\" height=\"16\" width=\"16\" alt=\"\u2714\ufe0f\" src=\"https:\/\/static.xx.fbcdn.net\/images\/emoji.php\/v9\/t51\/1\/16\/2714.png\">13:00 hs. Almuerzo protocolar.<\/p>\n\n\n\n<p><img loading=\"lazy\" decoding=\"async\" height=\"16\" width=\"16\" alt=\"\u2714\ufe0f\" src=\"https:\/\/static.xx.fbcdn.net\/images\/emoji.php\/v9\/t51\/1\/16\/2714.png\">14:00 hs. Desaf\u00edo en gurupa.<\/p>\n\n\n\n<p><img loading=\"lazy\" decoding=\"async\" height=\"16\" width=\"16\" src=\"https:\/\/static.xx.fbcdn.net\/images\/emoji.php\/v9\/t51\/1\/16\/2714.png\" alt=\"\u2714\ufe0f\">16:30 hs. Desaf\u00edo en basto con encimera.<\/p>\n\n\n\n<figure class=\"wp-block-image size-large\"><a href=\"http:\/\/alumine.gob.ar\/aluminenoticias\/wp-content\/uploads\/2023\/05\/321303071_489018866680438_7554457730840173620_n.jpg\" data-rel=\"lightbox-gallery-fYJlhqXx\" data-rl_title=\"\" data-rl_caption=\"\" title=\"\"><img loading=\"lazy\" decoding=\"async\" width=\"1024\" height=\"753\" src=\"http:\/\/alumine.gob.ar\/aluminenoticias\/wp-content\/uploads\/2023\/05\/321303071_489018866680438_7554457730840173620_n-1024x753.jpg\" alt=\"\" class=\"wp-image-2798\" srcset=\"https:\/\/alumine.gob.ar\/aluminenoticias\/wp-content\/uploads\/2023\/05\/321303071_489018866680438_7554457730840173620_n-1024x753.jpg 1024w, https:\/\/alumine.gob.ar\/aluminenoticias\/wp-content\/uploads\/2023\/05\/321303071_489018866680438_7554457730840173620_n-300x221.jpg 300w, https:\/\/alumine.gob.ar\/aluminenoticias\/wp-content\/uploads\/2023\/05\/321303071_489018866680438_7554457730840173620_n-768x565.jpg 768w, https:\/\/alumine.gob.ar\/aluminenoticias\/wp-content\/uploads\/2023\/05\/321303071_489018866680438_7554457730840173620_n.jpg 1280w\" sizes=\"auto, (max-width: 1024px) 100vw, 1024px\" \/><\/a><\/figure>\n\n\n\n<p><\/p>\n\n\n\n<p>Organizada por el <a href=\"https:\/\/www.facebook.com\/profile.php?id=100064836305539&amp;__cft__[0]=AZW6R0xUSyt2TrxFUp_hovnyIZIqa9wftOYXHPH48USZdI03hI2y9vN-YrvolCWA4GKkNH9ZkYOg4L4QAzu31x6NDx8YWULAmPLCvyE-0HqyRonEp4MKtubQ9pazttDVXth8cmrWA2NnEBWkLcfyKs8hBCsgAptfBSAPGe0WjiDJzhgDgMALdFJrfbDi3h3Vv1Q&amp;__tn__=-]K-R\">Centro Tradicionalista El Cencerro- Alumine<\/a> y la Municipalidad de Alumin\u00e9, cuenta con el apoyo de <a href=\"https:\/\/www.facebook.com\/LegislaturaNqn?__cft__[0]=AZW6R0xUSyt2TrxFUp_hovnyIZIqa9wftOYXHPH48USZdI03hI2y9vN-YrvolCWA4GKkNH9ZkYOg4L4QAzu31x6NDx8YWULAmPLCvyE-0HqyRonEp4MKtubQ9pazttDVXth8cmrWA2NnEBWkLcfyKs8hBCsgAptfBSAPGe0WjiDJzhgDgMALdFJrfbDi3h3Vv1Q&amp;__tn__=-]K-R\">Legislatura de Neuqu\u00e9n<\/a> y la colaboraci\u00f3n del Gobierno de la Provincia del Neuqu\u00e9n, en el marco del convenio de financiamiento para la promoci\u00f3n de la producci\u00f3n, el turismo sustentable y el desarrollo de industrias culturales, suscrito entre el CFI, <a href=\"https:\/\/www.facebook.com\/copade.neuquen?__cft__[0]=AZW6R0xUSyt2TrxFUp_hovnyIZIqa9wftOYXHPH48USZdI03hI2y9vN-YrvolCWA4GKkNH9ZkYOg4L4QAzu31x6NDx8YWULAmPLCvyE-0HqyRonEp4MKtubQ9pazttDVXth8cmrWA2NnEBWkLcfyKs8hBCsgAptfBSAPGe0WjiDJzhgDgMALdFJrfbDi3h3Vv1Q&amp;__tn__=-]K-R\">Copade Neuqu\u00e9n<\/a> y <a href=\"https:\/\/www.facebook.com\/ministerioturismoneuquen?__cft__[0]=AZW6R0xUSyt2TrxFUp_hovnyIZIqa9wftOYXHPH48USZdI03hI2y9vN-YrvolCWA4GKkNH9ZkYOg4L4QAzu31x6NDx8YWULAmPLCvyE-0HqyRonEp4MKtubQ9pazttDVXth8cmrWA2NnEBWkLcfyKs8hBCsgAptfBSAPGe0WjiDJzhgDgMALdFJrfbDi3h3Vv1Q&amp;__tn__=-]K-R\">Ministerio de Turismo<\/a>.<\/p>\n","protected":false},"excerpt":{"rendered":"<p>La primera fiesta del calendario provincial de Fiestas Populares, revaloriza las tradiciones y costumbres camperas del departamento Alumin\u00e9. Gauchos, gauchas, vecinos, vecinas y visitantes se congregaron desde distintos puntos de la provincia y el&#46;&#46;&#46;<\/p>\n","protected":false},"author":2,"featured_media":0,"comment_status":"closed","ping_status":"closed","sticky":false,"template":"","format":"standard","meta":{"footnotes":"","_links_to":"","_links_to_target":""},"categories":[1],"tags":[],"class_list":["post-2796","post","type-post","status-publish","format-standard","hentry","category-noticias"],"jetpack_featured_media_url":"","_links":{"self":[{"href":"https:\/\/alumine.gob.ar\/aluminenoticias\/wp-json\/wp\/v2\/posts\/2796","targetHints":{"allow":["GET"]}}],"collection":[{"href":"https:\/\/alumine.gob.ar\/aluminenoticias\/wp-json\/wp\/v2\/posts"}],"about":[{"href":"https:\/\/alumine.gob.ar\/aluminenoticias\/wp-json\/wp\/v2\/types\/post"}],"author":[{"embeddable":true,"href":"https:\/\/alumine.gob.ar\/aluminenoticias\/wp-json\/wp\/v2\/users\/2"}],"replies":[{"embeddable":true,"href":"https:\/\/alumine.gob.ar\/aluminenoticias\/wp-json\/wp\/v2\/comments?post=2796"}],"version-history":[{"count":1,"href":"https:\/\/alumine.gob.ar\/aluminenoticias\/wp-json\/wp\/v2\/posts\/2796\/revisions"}],"predecessor-version":[{"id":2799,"href":"https:\/\/alumine.gob.ar\/aluminenoticias\/wp-json\/wp\/v2\/posts\/2796\/revisions\/2799"}],"wp:attachment":[{"href":"https:\/\/alumine.gob.ar\/aluminenoticias\/wp-json\/wp\/v2\/media?parent=2796"}],"wp:term":[{"taxonomy":"category","embeddable":true,"href":"https:\/\/alumine.gob.ar\/aluminenoticias\/wp-json\/wp\/v2\/categories?post=2796"},{"taxonomy":"post_tag","embeddable":true,"href":"https:\/\/alumine.gob.ar\/aluminenoticias\/wp-json\/wp\/v2\/tags?post=2796"}],"curies":[{"name":"wp","href":"https:\/\/api.w.org\/{rel}","templated":true}]}}