{"id":2800,"date":"2023-01-14T14:47:05","date_gmt":"2023-01-14T14:47:05","guid":{"rendered":"http:\/\/alumine.gob.ar\/aluminenoticias\/?p=2800"},"modified":"2023-05-29T14:49:13","modified_gmt":"2023-05-29T14:49:13","slug":"hoy-sabado-agenda-las-funciones-de-sismoalumine","status":"publish","type":"post","link":"https:\/\/alumine.gob.ar\/aluminenoticias\/2023\/01\/14\/hoy-sabado-agenda-las-funciones-de-sismoalumine\/","title":{"rendered":"HOY SABADO AGEND\u00c1 LAS FUNCIONES DE @sismoalumine"},"content":{"rendered":"\n<p><img loading=\"lazy\" decoding=\"async\" height=\"16\" width=\"16\" alt=\"????\" src=\"https:\/\/static.xx.fbcdn.net\/images\/emoji.php\/v9\/t5b\/1\/16\/1f31a.png\"><img loading=\"lazy\" decoding=\"async\" height=\"16\" width=\"16\" alt=\"\u2728\ufe0f\" src=\"https:\/\/static.xx.fbcdn.net\/images\/emoji.php\/v9\/tf4\/1\/16\/2728.png\">HISTORIETA DE UN ABRAZO &#8211; 20.00 hs. &#8211; Centro de Visitantes<\/p>\n\n\n\n<p><a href=\"https:\/\/www.facebook.com\/profile.php?id=100051871483487&amp;__cft__[0]=AZUelHzRy9ACfQ2elxiIe_vvP3QVPQkR6EYJq1HguK1QaZraUTc63dB4CizskaKE11gWp7uLNxZHMzRE8bnF5ZmYjvN0jBaT6eNvnSoR1dWPOSLbAby7riYf0EAFBQ_MybMRIc1AQ0t0YnEvfWFK4_NRdkuUzM4pRQm6fEUNjVBhz45XECCrKLMyindFzwTZAow&amp;__tn__=-]K-R\">Compagnia Dromosofista<\/a><\/p>\n\n\n\n<p><a><\/a><img loading=\"lazy\" decoding=\"async\" height=\"16\" width=\"16\" alt=\"????????\" src=\"https:\/\/static.xx.fbcdn.net\/images\/emoji.php\/v9\/tb9\/1\/16\/1f1ee_1f1f9.png\">Procedencia: ITALIA<\/p>\n\n\n\n<p><img loading=\"lazy\" decoding=\"async\" height=\"16\" width=\"16\" alt=\"????\" src=\"https:\/\/static.xx.fbcdn.net\/images\/emoji.php\/v9\/t8d\/1\/16\/1f467.png\"><img loading=\"lazy\" decoding=\"async\" height=\"16\" width=\"16\" alt=\"????\" src=\"https:\/\/static.xx.fbcdn.net\/images\/emoji.php\/v9\/t5e\/1\/16\/1f9d1.png\">P\u00fablico al que va dirigido: Apto Todo P\u00fablico<\/p>\n\n\n\n<p>G\u00e9nero: teatro musical y teatro de objeto<\/p>\n\n\n\n<p>Duraci\u00f3n del Espect\u00e1culo: 40 minutos.<\/p>\n\n\n\n<p>Sinopsis: Un breve cuento est\u00e9tico y sin palabras, hecho de m\u00fasica y teatro, sombras y t\u00edteres sue\u00f1os y misterios. El espect\u00e1culo es un inventario del teatro de figura que genera una variedad de secuencias sorpresivas, frente a las cuales los actores asisten como a momentos de vida.<\/p>\n\n\n\n<p>TRAILER: <a rel=\"noreferrer noopener\" href=\"https:\/\/www.youtube.com\/watch?v=Lp7qFcy9vYE&amp;fbclid=IwAR1hZPsjKuO2FMvb8k074mIUXZj5uSTm6JedJkx5--5FgNyJ_onPGOLh0tY\" target=\"_blank\">https:\/\/www.youtube.com\/watch?v=Lp7qFcy9vYE<\/a><\/p>\n\n\n\n<figure class=\"wp-block-image size-large\"><a href=\"http:\/\/alumine.gob.ar\/aluminenoticias\/wp-content\/uploads\/2023\/05\/323740123_490071353063845_7467530811053437651_n.jpg\" data-rel=\"lightbox-gallery-DKAkp3Ov\" data-rl_title=\"\" data-rl_caption=\"\" title=\"\"><img loading=\"lazy\" decoding=\"async\" width=\"1024\" height=\"535\" src=\"http:\/\/alumine.gob.ar\/aluminenoticias\/wp-content\/uploads\/2023\/05\/323740123_490071353063845_7467530811053437651_n-1024x535.jpg\" alt=\"\" class=\"wp-image-2801\" srcset=\"https:\/\/alumine.gob.ar\/aluminenoticias\/wp-content\/uploads\/2023\/05\/323740123_490071353063845_7467530811053437651_n-1024x535.jpg 1024w, https:\/\/alumine.gob.ar\/aluminenoticias\/wp-content\/uploads\/2023\/05\/323740123_490071353063845_7467530811053437651_n-300x157.jpg 300w, https:\/\/alumine.gob.ar\/aluminenoticias\/wp-content\/uploads\/2023\/05\/323740123_490071353063845_7467530811053437651_n-768x401.jpg 768w, https:\/\/alumine.gob.ar\/aluminenoticias\/wp-content\/uploads\/2023\/05\/323740123_490071353063845_7467530811053437651_n.jpg 1200w\" sizes=\"auto, (max-width: 1024px) 100vw, 1024px\" \/><\/a><\/figure>\n\n\n\n<p><\/p>\n\n\n\n<p><img loading=\"lazy\" decoding=\"async\" height=\"16\" width=\"16\" alt=\"????\" src=\"https:\/\/static.xx.fbcdn.net\/images\/emoji.php\/v9\/t1f\/1\/16\/1f3b6.png\">????LA ROYALLE de <a href=\"https:\/\/www.facebook.com\/trapanisalvador?__cft__[0]=AZUelHzRy9ACfQ2elxiIe_vvP3QVPQkR6EYJq1HguK1QaZraUTc63dB4CizskaKE11gWp7uLNxZHMzRE8bnF5ZmYjvN0jBaT6eNvnSoR1dWPOSLbAby7riYf0EAFBQ_MybMRIc1AQ0t0YnEvfWFK4_NRdkuUzM4pRQm6fEUNjVBhz45XECCrKLMyindFzwTZAow&amp;__tn__=-]K-R\">Salvador Trapani<\/a> &#8211; 22.00 hs. &#8211; Carpa de Circo.<\/p>\n\n\n\n<p>Procedencia: Rosario<\/p>\n\n\n\n<p><img loading=\"lazy\" decoding=\"async\" height=\"16\" width=\"16\" alt=\"????\" src=\"https:\/\/static.xx.fbcdn.net\/images\/emoji.php\/v9\/t5e\/1\/16\/1f9d1.png\"><img loading=\"lazy\" decoding=\"async\" height=\"16\" width=\"16\" alt=\"????\" src=\"https:\/\/static.xx.fbcdn.net\/images\/emoji.php\/v9\/t8d\/1\/16\/1f467.png\">P\u00fablico al que va dirigido: Apto Todo P\u00fablico<\/p>\n\n\n\n<p>G\u00e9nero: Humor Exc\u00e9ntrico Musical<\/p>\n\n\n\n<p>Duraci\u00f3n del Espect\u00e1culo: 50 min<\/p>\n\n\n\n<p>Sinopsis:<\/p>\n\n\n\n<p>El espect\u00e1culo La Royalle bucea en el imaginario popular encontrando en la m\u00fasica y el humor un medio creativo de comunicaci\u00f3n con el p\u00fablico. El actor, m\u00fasico y luthier Salvador Trapani recrea de manera original la tradici\u00f3n circense de los exc\u00e9ntricos musicales en un marco est\u00e9tico contempor\u00e1neo. Restos de grifer\u00eda, latas, cuerdas, caracolas, sorbetes, herramientas son transformados en instrumentos musicales exc\u00e9ntricos por este original artista.<\/p>\n\n\n\n<p>Trailer: <a rel=\"noreferrer noopener\" href=\"https:\/\/www.youtube.com\/watch?v=yxaw4v_nQsw&amp;ab_channel=SalvadorTrapani&amp;fbclid=IwAR1SzeVcGxvizYwGtkn6kKgubz-dW-tWqjcsR6l8HVlwbr4rp98w4KMhbLo\" target=\"_blank\">https:\/\/www.youtube.com\/watch?v=yxaw4v_nQsw&#8230;<\/a><\/p>\n\n\n\n<figure class=\"wp-block-image size-full\"><a href=\"http:\/\/alumine.gob.ar\/aluminenoticias\/wp-content\/uploads\/2023\/05\/322544722_712858680241028_3955652687390383451_n.jpg\" data-rel=\"lightbox-gallery-DKAkp3Ov\" data-rl_title=\"\" data-rl_caption=\"\" title=\"\"><img loading=\"lazy\" decoding=\"async\" width=\"900\" height=\"600\" src=\"http:\/\/alumine.gob.ar\/aluminenoticias\/wp-content\/uploads\/2023\/05\/322544722_712858680241028_3955652687390383451_n.jpg\" alt=\"\" class=\"wp-image-2802\" srcset=\"https:\/\/alumine.gob.ar\/aluminenoticias\/wp-content\/uploads\/2023\/05\/322544722_712858680241028_3955652687390383451_n.jpg 900w, https:\/\/alumine.gob.ar\/aluminenoticias\/wp-content\/uploads\/2023\/05\/322544722_712858680241028_3955652687390383451_n-300x200.jpg 300w, https:\/\/alumine.gob.ar\/aluminenoticias\/wp-content\/uploads\/2023\/05\/322544722_712858680241028_3955652687390383451_n-768x512.jpg 768w\" sizes=\"auto, (max-width: 900px) 100vw, 900px\" \/><\/a><\/figure>\n","protected":false},"excerpt":{"rendered":"<p>HISTORIETA DE UN ABRAZO &#8211; 20.00 hs. &#8211; Centro de Visitantes Compagnia Dromosofista Procedencia: ITALIA P\u00fablico al que va dirigido: Apto Todo P\u00fablico G\u00e9nero: teatro musical y teatro de objeto Duraci\u00f3n del Espect\u00e1culo: 40&#46;&#46;&#46;<\/p>\n","protected":false},"author":2,"featured_media":0,"comment_status":"closed","ping_status":"closed","sticky":false,"template":"","format":"standard","meta":{"footnotes":"","_links_to":"","_links_to_target":""},"categories":[1],"tags":[],"class_list":["post-2800","post","type-post","status-publish","format-standard","hentry","category-noticias"],"jetpack_featured_media_url":"","_links":{"self":[{"href":"https:\/\/alumine.gob.ar\/aluminenoticias\/wp-json\/wp\/v2\/posts\/2800","targetHints":{"allow":["GET"]}}],"collection":[{"href":"https:\/\/alumine.gob.ar\/aluminenoticias\/wp-json\/wp\/v2\/posts"}],"about":[{"href":"https:\/\/alumine.gob.ar\/aluminenoticias\/wp-json\/wp\/v2\/types\/post"}],"author":[{"embeddable":true,"href":"https:\/\/alumine.gob.ar\/aluminenoticias\/wp-json\/wp\/v2\/users\/2"}],"replies":[{"embeddable":true,"href":"https:\/\/alumine.gob.ar\/aluminenoticias\/wp-json\/wp\/v2\/comments?post=2800"}],"version-history":[{"count":1,"href":"https:\/\/alumine.gob.ar\/aluminenoticias\/wp-json\/wp\/v2\/posts\/2800\/revisions"}],"predecessor-version":[{"id":2803,"href":"https:\/\/alumine.gob.ar\/aluminenoticias\/wp-json\/wp\/v2\/posts\/2800\/revisions\/2803"}],"wp:attachment":[{"href":"https:\/\/alumine.gob.ar\/aluminenoticias\/wp-json\/wp\/v2\/media?parent=2800"}],"wp:term":[{"taxonomy":"category","embeddable":true,"href":"https:\/\/alumine.gob.ar\/aluminenoticias\/wp-json\/wp\/v2\/categories?post=2800"},{"taxonomy":"post_tag","embeddable":true,"href":"https:\/\/alumine.gob.ar\/aluminenoticias\/wp-json\/wp\/v2\/tags?post=2800"}],"curies":[{"name":"wp","href":"https:\/\/api.w.org\/{rel}","templated":true}]}}