{"id":2804,"date":"2023-01-14T14:49:27","date_gmt":"2023-01-14T14:49:27","guid":{"rendered":"http:\/\/alumine.gob.ar\/aluminenoticias\/?p=2804"},"modified":"2023-05-29T14:54:18","modified_gmt":"2023-05-29T14:54:18","slug":"v-fogon-de-los-recuerdos-y-la-memoria","status":"publish","type":"post","link":"https:\/\/alumine.gob.ar\/aluminenoticias\/2023\/01\/14\/v-fogon-de-los-recuerdos-y-la-memoria\/","title":{"rendered":"V FOG\u00d3N DE LOS RECUERDOS Y LA MEMORIA"},"content":{"rendered":"\n<p>Se realiz\u00f3 ayer en el <a href=\"https:\/\/www.facebook.com\/museoelcharrua?__cft__[0]=AZXU181zzLPzQuByfY2NU11CZMicc6KQgsRu1DsWzvpreU6vEfDFd1hs-Xyf1Bw_nXKAapU5i1zcqOAkrn8z-HNJODXWRZgeeoJDpQcIlnw7jpYjBitU9cmyLaR_CjlX1RFHTuBMxgzGWiJW17CfiglIEB-dNbXDvcm0_HJ2zCUIc_ZAHn7JKXVjRV9ifl1iOnI&amp;__tn__=-]K-R\">Museo Municipal y Centro de Interpretaci\u00f3n \u00abEl Charr\u00faa\u00bb<\/a> la 5ta edici\u00f3n del Fog\u00f3n de los Recuerdos, esta vez con la propuesta de intercambiar saber y experiencias sobre la Medicina Popular.<\/p>\n\n\n\n<figure class=\"wp-block-image size-full\"><a href=\"http:\/\/alumine.gob.ar\/aluminenoticias\/wp-content\/uploads\/2023\/05\/323421211_918292902505951_5855126414278456173_n.jpg\" data-rel=\"lightbox-gallery-3TXHG4vp\" data-rl_title=\"\" data-rl_caption=\"\" title=\"\"><img loading=\"lazy\" decoding=\"async\" width=\"960\" height=\"640\" src=\"http:\/\/alumine.gob.ar\/aluminenoticias\/wp-content\/uploads\/2023\/05\/323421211_918292902505951_5855126414278456173_n.jpg\" alt=\"\" class=\"wp-image-2805\" srcset=\"https:\/\/alumine.gob.ar\/aluminenoticias\/wp-content\/uploads\/2023\/05\/323421211_918292902505951_5855126414278456173_n.jpg 960w, https:\/\/alumine.gob.ar\/aluminenoticias\/wp-content\/uploads\/2023\/05\/323421211_918292902505951_5855126414278456173_n-300x200.jpg 300w, https:\/\/alumine.gob.ar\/aluminenoticias\/wp-content\/uploads\/2023\/05\/323421211_918292902505951_5855126414278456173_n-768x512.jpg 768w\" sizes=\"auto, (max-width: 960px) 100vw, 960px\" \/><\/a><\/figure>\n\n\n\n<p><\/p>\n\n\n\n<p>El intendente Gabriel Alamo destac\u00f3 que \u00abAlumin\u00e9 es un pueblo que conoce su historia, que revaloriza y visibiliza su patrimonio inmaterial\u00bb, y felicit\u00f3 al equipo municipal que hizo posible el evento, as\u00ed como a quienes participaron de este espacio.<\/p>\n\n\n\n<p>Por su parte la directora de Patrimonio Natural y Cultural, Mar\u00eda \u00d1ancucheo expres\u00f3 que \u00abes de suma importancia que nos volvamos a reencontrar en espacios como este, de circulaci\u00f3n de la palabra y de intercambio social y cultural\u00bb, adem\u00e1s destac\u00f3 el \u00abrol del Museo en la puesta en valor del patrimonio natural y cultural del departamento Alumin\u00e9\u00bb.<\/p>\n\n\n\n<p>Finalmente \u00d1ancucheo explic\u00f3 que, adem\u00e1s de ser el encuentro entre algunos mayores del pueblo, tambi\u00e9n se pudo apreciar la presencia de j\u00f3venes y detallo que \u00aben la tem\u00e1tica que se eligi\u00f3 para este fog\u00f3n (medicina popular) se intent\u00f3 que podamos compartir desde todos y todas quienes convivimos en Alumin\u00e9, los diferentes enfoques que podemos darle desde la cosmovisi\u00f3n mapuche y desde las personas mayores que han nacido y criado en los distintos parajes y tambi\u00e9n personas que han elegido a este pueblo como lugar para vivir\u00bb<\/p>\n\n\n\n<figure class=\"wp-block-image size-large\"><a href=\"http:\/\/alumine.gob.ar\/aluminenoticias\/wp-content\/uploads\/2023\/05\/322689170_1123574801638008_6097323582712493958_n.jpg\" data-rel=\"lightbox-gallery-3TXHG4vp\" data-rl_title=\"\" data-rl_caption=\"\" title=\"\"><img loading=\"lazy\" decoding=\"async\" width=\"1024\" height=\"683\" src=\"http:\/\/alumine.gob.ar\/aluminenoticias\/wp-content\/uploads\/2023\/05\/322689170_1123574801638008_6097323582712493958_n-1024x683.jpg\" alt=\"\" class=\"wp-image-2806\" srcset=\"https:\/\/alumine.gob.ar\/aluminenoticias\/wp-content\/uploads\/2023\/05\/322689170_1123574801638008_6097323582712493958_n-1024x683.jpg 1024w, https:\/\/alumine.gob.ar\/aluminenoticias\/wp-content\/uploads\/2023\/05\/322689170_1123574801638008_6097323582712493958_n-300x200.jpg 300w, https:\/\/alumine.gob.ar\/aluminenoticias\/wp-content\/uploads\/2023\/05\/322689170_1123574801638008_6097323582712493958_n-768x512.jpg 768w, https:\/\/alumine.gob.ar\/aluminenoticias\/wp-content\/uploads\/2023\/05\/322689170_1123574801638008_6097323582712493958_n.jpg 1080w\" sizes=\"auto, (max-width: 1024px) 100vw, 1024px\" \/><\/a><\/figure>\n\n\n\n<p><\/p>\n\n\n\n<p>Tal es el caso de las y los j\u00f3venes que hacen fitoterapia y que retoman ense\u00f1anzas y conceptos que tienen en sus or\u00edgenes hace mucho tiempo.<\/p>\n","protected":false},"excerpt":{"rendered":"<p>Se realiz\u00f3 ayer en el Museo Municipal y Centro de Interpretaci\u00f3n \u00abEl Charr\u00faa\u00bb la 5ta edici\u00f3n del Fog\u00f3n de los Recuerdos, esta vez con la propuesta de intercambiar saber y experiencias sobre la Medicina&#46;&#46;&#46;<\/p>\n","protected":false},"author":2,"featured_media":0,"comment_status":"closed","ping_status":"closed","sticky":false,"template":"","format":"standard","meta":{"footnotes":"","_links_to":"","_links_to_target":""},"categories":[1],"tags":[],"class_list":["post-2804","post","type-post","status-publish","format-standard","hentry","category-noticias"],"jetpack_featured_media_url":"","_links":{"self":[{"href":"https:\/\/alumine.gob.ar\/aluminenoticias\/wp-json\/wp\/v2\/posts\/2804","targetHints":{"allow":["GET"]}}],"collection":[{"href":"https:\/\/alumine.gob.ar\/aluminenoticias\/wp-json\/wp\/v2\/posts"}],"about":[{"href":"https:\/\/alumine.gob.ar\/aluminenoticias\/wp-json\/wp\/v2\/types\/post"}],"author":[{"embeddable":true,"href":"https:\/\/alumine.gob.ar\/aluminenoticias\/wp-json\/wp\/v2\/users\/2"}],"replies":[{"embeddable":true,"href":"https:\/\/alumine.gob.ar\/aluminenoticias\/wp-json\/wp\/v2\/comments?post=2804"}],"version-history":[{"count":1,"href":"https:\/\/alumine.gob.ar\/aluminenoticias\/wp-json\/wp\/v2\/posts\/2804\/revisions"}],"predecessor-version":[{"id":2807,"href":"https:\/\/alumine.gob.ar\/aluminenoticias\/wp-json\/wp\/v2\/posts\/2804\/revisions\/2807"}],"wp:attachment":[{"href":"https:\/\/alumine.gob.ar\/aluminenoticias\/wp-json\/wp\/v2\/media?parent=2804"}],"wp:term":[{"taxonomy":"category","embeddable":true,"href":"https:\/\/alumine.gob.ar\/aluminenoticias\/wp-json\/wp\/v2\/categories?post=2804"},{"taxonomy":"post_tag","embeddable":true,"href":"https:\/\/alumine.gob.ar\/aluminenoticias\/wp-json\/wp\/v2\/tags?post=2804"}],"curies":[{"name":"wp","href":"https:\/\/api.w.org\/{rel}","templated":true}]}}