{"id":2808,"date":"2023-01-13T14:54:34","date_gmt":"2023-01-13T14:54:34","guid":{"rendered":"http:\/\/alumine.gob.ar\/aluminenoticias\/?p=2808"},"modified":"2023-05-29T14:56:46","modified_gmt":"2023-05-29T14:56:46","slug":"hoy-viernes-sigue-sismo","status":"publish","type":"post","link":"https:\/\/alumine.gob.ar\/aluminenoticias\/2023\/01\/13\/hoy-viernes-sigue-sismo\/","title":{"rendered":"Hoy viernes sigue SISMO"},"content":{"rendered":"\n<p><a href=\"https:\/\/www.facebook.com\/SISMOalumine?__cft__[0]=AZXBv3R-ASIbWxgs5xFl3SFVDlnTKsCIWv0x-vZbhF30o82h3Wg8VTsAhFW2Iw33Pnr1p_pvgz1ZcLFPtoRfdZbM0zhe6rvb6YISfr9QvCq4cJzrXaUp24vqDDIncFx3BIgQYlsqUkEi1C3SUWs_DkksmCUKmy4R0r-R5yJsVsrsa2ON6F2Y_DvSgQZDwWuR3KM&amp;__tn__=-]K-R\">SISMO. Festival de Artes Esc\u00e9nicas de Alumin\u00e9<\/a>, anot\u00e1 las funciones:<\/p>\n\n\n\n<p><img loading=\"lazy\" decoding=\"async\" height=\"16\" width=\"16\" alt=\"????\u200d\u2642\ufe0f\" src=\"https:\/\/static.xx.fbcdn.net\/images\/emoji.php\/v9\/t67\/1\/16\/1f939_200d_2642.png\">PETIT \u2013 20.00 hs. &#8211; Carpa de Circo.<\/p>\n\n\n\n<p>Compa\u00f1\u00eda Frutillas con Crema<\/p>\n\n\n\n<p><a><\/a>Procedencia: Santiago de Chile<\/p>\n\n\n\n<p>P\u00fablico al que va dirigido: ATP<\/p>\n\n\n\n<p>G\u00e9nero: Circo Teatro<\/p>\n\n\n\n<p>Duraci\u00f3n del Espect\u00e1culo: 45 min<\/p>\n\n\n\n<p>Sinopsis:<\/p>\n\n\n\n<p>Petit es un espect\u00e1culo que invita al espectador a encontrarse. Sutilmente nos va abriendo ventanas de su peque\u00f1o mundo de sue\u00f1os, alfombras y ba\u00fales, nos lanza una pelota y nos dice: \u201c\u00a1Es hora de ser ni\u00f1os!\u201d, \u201c\u00a1Es hora de jugar!\u201d.<\/p>\n\n\n\n<p>Petit apela al lenguaje de la subjetividad y los gestos, record\u00e1ndonos el valor de lo sencillo. Trascendiendo la idea de cultura y las barreras idiom\u00e1ticas indaga en aquello humano, en donde el silencio entero del alma se reconoce capaz de actuar. Un lenguaje que intenta ser gesto, acci\u00f3n y transformaci\u00f3n. Un lenguaje que como cosquilla evoque la risa y el llanto.<\/p>\n\n\n\n<p>Petit es un espect\u00e1culo, un espect\u00e1culo que es una vida, una vida como algo que por m\u00e1s simple o peque\u00f1o, muta, entra en fuga y se transforma.<\/p>\n\n\n\n<p>Trailer: <a rel=\"noreferrer noopener\" href=\"https:\/\/youtu.be\/VdsgWelCVjs?fbclid=IwAR0SdMgf8ZXjqnEoINPm4AZspA-eTi1jlT5q_lrdNmulVPREYFC0tr3R0kk\" target=\"_blank\">https:\/\/youtu.be\/VdsgWelCVjs<\/a><\/p>\n\n\n\n<figure class=\"wp-block-image size-large\"><a href=\"http:\/\/alumine.gob.ar\/aluminenoticias\/wp-content\/uploads\/2023\/05\/322510124_477330614588875_3413126809862315120_n.jpg\" data-rel=\"lightbox-gallery-ekAt0O6K\" data-rl_title=\"\" data-rl_caption=\"\" title=\"\"><img loading=\"lazy\" decoding=\"async\" width=\"1024\" height=\"768\" src=\"http:\/\/alumine.gob.ar\/aluminenoticias\/wp-content\/uploads\/2023\/05\/322510124_477330614588875_3413126809862315120_n-1024x768.jpg\" alt=\"\" class=\"wp-image-2809\" srcset=\"https:\/\/alumine.gob.ar\/aluminenoticias\/wp-content\/uploads\/2023\/05\/322510124_477330614588875_3413126809862315120_n-1024x768.jpg 1024w, https:\/\/alumine.gob.ar\/aluminenoticias\/wp-content\/uploads\/2023\/05\/322510124_477330614588875_3413126809862315120_n-300x225.jpg 300w, https:\/\/alumine.gob.ar\/aluminenoticias\/wp-content\/uploads\/2023\/05\/322510124_477330614588875_3413126809862315120_n-768x576.jpg 768w, https:\/\/alumine.gob.ar\/aluminenoticias\/wp-content\/uploads\/2023\/05\/322510124_477330614588875_3413126809862315120_n-1536x1152.jpg 1536w, https:\/\/alumine.gob.ar\/aluminenoticias\/wp-content\/uploads\/2023\/05\/322510124_477330614588875_3413126809862315120_n.jpg 2000w\" sizes=\"auto, (max-width: 1024px) 100vw, 1024px\" \/><\/a><\/figure>\n\n\n\n<p><\/p>\n\n\n\n<p><img loading=\"lazy\" decoding=\"async\" height=\"16\" width=\"16\" src=\"https:\/\/static.xx.fbcdn.net\/images\/emoji.php\/v9\/tae\/1\/16\/1f3ad.png\" alt=\"????\">METICULOSOS RECORTES DE SE\u00d1ORITAS RANCIAS \u2013 21.00 hs. \u2013 Centro de Visitantes.<\/p>\n\n\n\n<p>Grupo de Teatro <a href=\"https:\/\/www.facebook.com\/periplas.claun?__cft__[0]=AZXBv3R-ASIbWxgs5xFl3SFVDlnTKsCIWv0x-vZbhF30o82h3Wg8VTsAhFW2Iw33Pnr1p_pvgz1ZcLFPtoRfdZbM0zhe6rvb6YISfr9QvCq4cJzrXaUp24vqDDIncFx3BIgQYlsqUkEi1C3SUWs_DkksmCUKmy4R0r-R5yJsVsrsa2ON6F2Y_DvSgQZDwWuR3KM&amp;__tn__=-]K-R\">Periplas Teatro<\/a><\/p>\n\n\n\n<p>Procedencia: Choele Choel<\/p>\n\n\n\n<p>P\u00fablico al que va dirigido: J\u00f3venes y adultxs<\/p>\n\n\n\n<p>G\u00e9nero: Teatro Grotesco<\/p>\n\n\n\n<p>Duraci\u00f3n del Espect\u00e1culo: 50 min<\/p>\n\n\n\n<p>Sinopsis:<\/p>\n\n\n\n<p>Esta comedia de humor negro recoge fragmentos que se reflejan en algunas oscuridades de nuestra propia historia social y pol\u00edtica. A trav\u00e9s de situaciones absurdas, casi surrealistas, veremos fragmentos de la vida cotidiana de tres mujeres que parecen cuidar a un padre lejano, dormido y quiz\u00e1s peligroso.<\/p>\n\n\n\n<p>El espect\u00e1culo cuenta adem\u00e1s con una instalaci\u00f3n de objetos que describen la vida cotidiana de los personajes.<\/p>\n\n\n\n<p>Trailer: <a href=\"https:\/\/l.facebook.com\/l.php?u=https%3A%2F%2Fyoutu.be%2FK-hy-TphbIM%3Ffbclid%3DIwAR3zeQmCvzFVVQnpgBMntXJWPECv37SHbEY-Pf7ZUdiT6zLq0HOLLGOFVCU&amp;h=AT28EcSpK6rR21sT3ivLXJrjmxQq0_OsJo2HwbyGWHhkLyXDd8cjnV-N4Amb5awBBdlw-KF3gcuZH0vgb3OZ-Yr2USeOXJiXk6wZtwnMNbHW4DucdlsSfwaPzrP7LcI5FYbo&amp;__tn__=-UK-R&amp;c[0]=AT1GqIGe4F7yYwLFyF8Q1fYpA6qo_dh4aq0BFQI212-FYSrkpyQqKhVD67Ux7vWGsowIJfV56oIlvO-3BTTPDZEKFzlXwcPAOKjGeahKMUpr_GDnbA2BNK-kw88hathm2vEyDao8LMxK7K4r5qIod2VLgI5BwHgcqAXgYOZrGMOGRO0Gbq7ahPfSMBQl4lwiuCb6dW7eCWPrDg\" rel=\"noreferrer noopener\" target=\"_blank\">https:\/\/youtu.be\/K-hy-TphbIM<\/a><\/p>\n\n\n\n<p><img loading=\"lazy\" decoding=\"async\" height=\"16\" width=\"16\" src=\"https:\/\/static.xx.fbcdn.net\/images\/emoji.php\/v9\/t8c\/1\/16\/1f389.png\" alt=\"????\">Variet\u00e9 &amp; Fiesta \u2013 23.00 hs. &#8211; Carpa de Circo.<\/p>\n\n\n\n<figure class=\"wp-block-image size-full\"><a href=\"http:\/\/alumine.gob.ar\/aluminenoticias\/wp-content\/uploads\/2023\/05\/324746885_1379734099439881_5168620354870036074_n.jpg\" data-rel=\"lightbox-gallery-ekAt0O6K\" data-rl_title=\"\" data-rl_caption=\"\" title=\"\"><img loading=\"lazy\" decoding=\"async\" width=\"933\" height=\"700\" src=\"http:\/\/alumine.gob.ar\/aluminenoticias\/wp-content\/uploads\/2023\/05\/324746885_1379734099439881_5168620354870036074_n.jpg\" alt=\"\" class=\"wp-image-2810\" srcset=\"https:\/\/alumine.gob.ar\/aluminenoticias\/wp-content\/uploads\/2023\/05\/324746885_1379734099439881_5168620354870036074_n.jpg 933w, https:\/\/alumine.gob.ar\/aluminenoticias\/wp-content\/uploads\/2023\/05\/324746885_1379734099439881_5168620354870036074_n-300x225.jpg 300w, https:\/\/alumine.gob.ar\/aluminenoticias\/wp-content\/uploads\/2023\/05\/324746885_1379734099439881_5168620354870036074_n-768x576.jpg 768w\" sizes=\"auto, (max-width: 933px) 100vw, 933px\" \/><\/a><\/figure>\n","protected":false},"excerpt":{"rendered":"<p>SISMO. Festival de Artes Esc\u00e9nicas de Alumin\u00e9, anot\u00e1 las funciones: PETIT \u2013 20.00 hs. &#8211; Carpa de Circo. Compa\u00f1\u00eda Frutillas con Crema Procedencia: Santiago de Chile P\u00fablico al que va dirigido: ATP G\u00e9nero: Circo&#46;&#46;&#46;<\/p>\n","protected":false},"author":2,"featured_media":0,"comment_status":"closed","ping_status":"closed","sticky":false,"template":"","format":"standard","meta":{"footnotes":"","_links_to":"","_links_to_target":""},"categories":[1],"tags":[],"class_list":["post-2808","post","type-post","status-publish","format-standard","hentry","category-noticias"],"jetpack_featured_media_url":"","_links":{"self":[{"href":"https:\/\/alumine.gob.ar\/aluminenoticias\/wp-json\/wp\/v2\/posts\/2808","targetHints":{"allow":["GET"]}}],"collection":[{"href":"https:\/\/alumine.gob.ar\/aluminenoticias\/wp-json\/wp\/v2\/posts"}],"about":[{"href":"https:\/\/alumine.gob.ar\/aluminenoticias\/wp-json\/wp\/v2\/types\/post"}],"author":[{"embeddable":true,"href":"https:\/\/alumine.gob.ar\/aluminenoticias\/wp-json\/wp\/v2\/users\/2"}],"replies":[{"embeddable":true,"href":"https:\/\/alumine.gob.ar\/aluminenoticias\/wp-json\/wp\/v2\/comments?post=2808"}],"version-history":[{"count":1,"href":"https:\/\/alumine.gob.ar\/aluminenoticias\/wp-json\/wp\/v2\/posts\/2808\/revisions"}],"predecessor-version":[{"id":2811,"href":"https:\/\/alumine.gob.ar\/aluminenoticias\/wp-json\/wp\/v2\/posts\/2808\/revisions\/2811"}],"wp:attachment":[{"href":"https:\/\/alumine.gob.ar\/aluminenoticias\/wp-json\/wp\/v2\/media?parent=2808"}],"wp:term":[{"taxonomy":"category","embeddable":true,"href":"https:\/\/alumine.gob.ar\/aluminenoticias\/wp-json\/wp\/v2\/categories?post=2808"},{"taxonomy":"post_tag","embeddable":true,"href":"https:\/\/alumine.gob.ar\/aluminenoticias\/wp-json\/wp\/v2\/tags?post=2808"}],"curies":[{"name":"wp","href":"https:\/\/api.w.org\/{rel}","templated":true}]}}