{"id":2812,"date":"2023-01-09T14:56:59","date_gmt":"2023-01-09T14:56:59","guid":{"rendered":"http:\/\/alumine.gob.ar\/aluminenoticias\/?p=2812"},"modified":"2023-05-29T14:59:13","modified_gmt":"2023-05-29T14:59:13","slug":"sismo-festival-internacional-de-artes-escenicas-de-alumine-v-edicion-2023","status":"publish","type":"post","link":"https:\/\/alumine.gob.ar\/aluminenoticias\/2023\/01\/09\/sismo-festival-internacional-de-artes-escenicas-de-alumine-v-edicion-2023\/","title":{"rendered":"SISMO Festival Internacional de Artes Esc\u00e9nicas de Alumin\u00e9 &#8211; V Edici\u00f3n 2023"},"content":{"rendered":"\n<p><img loading=\"lazy\" decoding=\"async\" height=\"16\" width=\"16\" alt=\"????\ufe0f\" src=\"https:\/\/static.xx.fbcdn.net\/images\/emoji.php\/v9\/t5c\/1\/16\/1f5d3.png\"> Del 10 al 15 de enero<\/p>\n\n\n\n<p><img loading=\"lazy\" decoding=\"async\" height=\"16\" width=\"16\" alt=\"????\" src=\"https:\/\/static.xx.fbcdn.net\/images\/emoji.php\/v9\/t2d\/1\/16\/1f4cd.png\"> Alumin\u00e9<\/p>\n\n\n\n<p>Abra <a><\/a>Ancha\/ Ruca Choroi \/ Poi Puc\u00f3n \/ \u00d1orquinco.<\/p>\n\n\n\n<p><img loading=\"lazy\" decoding=\"async\" height=\"16\" width=\"16\" src=\"https:\/\/static.xx.fbcdn.net\/images\/emoji.php\/v9\/t9e\/1\/16\/27a1.png\" alt=\"\u27a1\ufe0f\"> SISMO es un Festival Internacional de Artes Esc\u00e9nicas que va por su V edici\u00f3n. Con el objetivo puesto en que el Teatro llegue a todos los rincones posibles, se har\u00e1n funciones en el pueblo de Alumin\u00e9 y en las Escuelas Rurales de las Comunidades Mapuches de: <a href=\"https:\/\/www.facebook.com\/hashtag\/rucachoroi?__eep__=6&amp;__cft__[0]=AZVRJoeaE7r308s5qkTLt53j0KRxMzjeOYKcsD5jYqJ6mOg2XiAC__EELvmPC6EmArAX4cyymbYyX4p6CZ3BO5bc9oSA8dYzDgspHKPppED4Y_CUiYqU6GsoelnvJ3PcZeOmUWrVGmCMJY5USE5yhd-9_RI7IK96p25K6GL3w7-KqgVURNJfJrYQn5sqImPLDLE&amp;__tn__=*NK-R\">#RucaChoroi<\/a>, <a href=\"https:\/\/www.facebook.com\/hashtag\/poipuc%C3%B3n?__eep__=6&amp;__cft__[0]=AZVRJoeaE7r308s5qkTLt53j0KRxMzjeOYKcsD5jYqJ6mOg2XiAC__EELvmPC6EmArAX4cyymbYyX4p6CZ3BO5bc9oSA8dYzDgspHKPppED4Y_CUiYqU6GsoelnvJ3PcZeOmUWrVGmCMJY5USE5yhd-9_RI7IK96p25K6GL3w7-KqgVURNJfJrYQn5sqImPLDLE&amp;__tn__=*NK-R\">#PoiPuc\u00f3n<\/a>, <a href=\"https:\/\/www.facebook.com\/hashtag\/abraancha?__eep__=6&amp;__cft__[0]=AZVRJoeaE7r308s5qkTLt53j0KRxMzjeOYKcsD5jYqJ6mOg2XiAC__EELvmPC6EmArAX4cyymbYyX4p6CZ3BO5bc9oSA8dYzDgspHKPppED4Y_CUiYqU6GsoelnvJ3PcZeOmUWrVGmCMJY5USE5yhd-9_RI7IK96p25K6GL3w7-KqgVURNJfJrYQn5sqImPLDLE&amp;__tn__=*NK-R\">#AbraAncha<\/a> y <a href=\"https:\/\/www.facebook.com\/hashtag\/%C3%B1orquinco?__eep__=6&amp;__cft__[0]=AZVRJoeaE7r308s5qkTLt53j0KRxMzjeOYKcsD5jYqJ6mOg2XiAC__EELvmPC6EmArAX4cyymbYyX4p6CZ3BO5bc9oSA8dYzDgspHKPppED4Y_CUiYqU6GsoelnvJ3PcZeOmUWrVGmCMJY5USE5yhd-9_RI7IK96p25K6GL3w7-KqgVURNJfJrYQn5sqImPLDLE&amp;__tn__=*NK-R\">#\u00d1orquinco<\/a>. Siguiendo este perfil, la programaci\u00f3n abarca una amplia variedad de espect\u00e1culos tanto nacionales como internacionales de teatro, danza y <a href=\"https:\/\/www.facebook.com\/hashtag\/circo?__eep__=6&amp;__cft__[0]=AZVRJoeaE7r308s5qkTLt53j0KRxMzjeOYKcsD5jYqJ6mOg2XiAC__EELvmPC6EmArAX4cyymbYyX4p6CZ3BO5bc9oSA8dYzDgspHKPppED4Y_CUiYqU6GsoelnvJ3PcZeOmUWrVGmCMJY5USE5yhd-9_RI7IK96p25K6GL3w7-KqgVURNJfJrYQn5sqImPLDLE&amp;__tn__=*NK-R\">#circo<\/a>.<\/p>\n\n\n\n<p>Todas las actividades son de car\u00e1cter libre y los espect\u00e1culos al sobre.<\/p>\n\n\n\n<p>Este a\u00f1o contar\u00e1 con la especial participaci\u00f3n de espect\u00e1culos nacionales como: La Royalle, de <a href=\"https:\/\/www.facebook.com\/hashtag\/rosario?__eep__=6&amp;__cft__[0]=AZVRJoeaE7r308s5qkTLt53j0KRxMzjeOYKcsD5jYqJ6mOg2XiAC__EELvmPC6EmArAX4cyymbYyX4p6CZ3BO5bc9oSA8dYzDgspHKPppED4Y_CUiYqU6GsoelnvJ3PcZeOmUWrVGmCMJY5USE5yhd-9_RI7IK96p25K6GL3w7-KqgVURNJfJrYQn5sqImPLDLE&amp;__tn__=*NK-R\">#Rosario<\/a>; Cardenal, de <a href=\"https:\/\/www.facebook.com\/hashtag\/bariloche?__eep__=6&amp;__cft__[0]=AZVRJoeaE7r308s5qkTLt53j0KRxMzjeOYKcsD5jYqJ6mOg2XiAC__EELvmPC6EmArAX4cyymbYyX4p6CZ3BO5bc9oSA8dYzDgspHKPppED4Y_CUiYqU6GsoelnvJ3PcZeOmUWrVGmCMJY5USE5yhd-9_RI7IK96p25K6GL3w7-KqgVURNJfJrYQn5sqImPLDLE&amp;__tn__=*NK-R\">#Bariloche<\/a>; Un Par, de <a href=\"https:\/\/www.facebook.com\/hashtag\/fiskemenuco?__eep__=6&amp;__cft__[0]=AZVRJoeaE7r308s5qkTLt53j0KRxMzjeOYKcsD5jYqJ6mOg2XiAC__EELvmPC6EmArAX4cyymbYyX4p6CZ3BO5bc9oSA8dYzDgspHKPppED4Y_CUiYqU6GsoelnvJ3PcZeOmUWrVGmCMJY5USE5yhd-9_RI7IK96p25K6GL3w7-KqgVURNJfJrYQn5sqImPLDLE&amp;__tn__=*NK-R\">#FiskeMenuco<\/a><a href=\"https:\/\/www.facebook.com\/hashtag\/generalroca?__eep__=6&amp;__cft__[0]=AZVRJoeaE7r308s5qkTLt53j0KRxMzjeOYKcsD5jYqJ6mOg2XiAC__EELvmPC6EmArAX4cyymbYyX4p6CZ3BO5bc9oSA8dYzDgspHKPppED4Y_CUiYqU6GsoelnvJ3PcZeOmUWrVGmCMJY5USE5yhd-9_RI7IK96p25K6GL3w7-KqgVURNJfJrYQn5sqImPLDLE&amp;__tn__=*NK-R\">#GeneralRoca<\/a>; Meticulosos Recortes de Se\u00f1oritas Rancias, de <a href=\"https:\/\/www.facebook.com\/hashtag\/choelechoel?__eep__=6&amp;__cft__[0]=AZVRJoeaE7r308s5qkTLt53j0KRxMzjeOYKcsD5jYqJ6mOg2XiAC__EELvmPC6EmArAX4cyymbYyX4p6CZ3BO5bc9oSA8dYzDgspHKPppED4Y_CUiYqU6GsoelnvJ3PcZeOmUWrVGmCMJY5USE5yhd-9_RI7IK96p25K6GL3w7-KqgVURNJfJrYQn5sqImPLDLE&amp;__tn__=*NK-R\">#ChoeleChoel<\/a>; Los cielos de la Diabla,de Rosario; y La Aurora, de <a href=\"https:\/\/www.facebook.com\/hashtag\/lagopuelo?__eep__=6&amp;__cft__[0]=AZVRJoeaE7r308s5qkTLt53j0KRxMzjeOYKcsD5jYqJ6mOg2XiAC__EELvmPC6EmArAX4cyymbYyX4p6CZ3BO5bc9oSA8dYzDgspHKPppED4Y_CUiYqU6GsoelnvJ3PcZeOmUWrVGmCMJY5USE5yhd-9_RI7IK96p25K6GL3w7-KqgVURNJfJrYQn5sqImPLDLE&amp;__tn__=*NK-R\">#LagoPuelo<\/a>. E internacionales: Kalabazi, de <a href=\"https:\/\/www.facebook.com\/hashtag\/suiza?__eep__=6&amp;__cft__[0]=AZVRJoeaE7r308s5qkTLt53j0KRxMzjeOYKcsD5jYqJ6mOg2XiAC__EELvmPC6EmArAX4cyymbYyX4p6CZ3BO5bc9oSA8dYzDgspHKPppED4Y_CUiYqU6GsoelnvJ3PcZeOmUWrVGmCMJY5USE5yhd-9_RI7IK96p25K6GL3w7-KqgVURNJfJrYQn5sqImPLDLE&amp;__tn__=*NK-R\">#Suiza<\/a>; Historieta de un abrazo, de <a href=\"https:\/\/www.facebook.com\/hashtag\/italia?__eep__=6&amp;__cft__[0]=AZVRJoeaE7r308s5qkTLt53j0KRxMzjeOYKcsD5jYqJ6mOg2XiAC__EELvmPC6EmArAX4cyymbYyX4p6CZ3BO5bc9oSA8dYzDgspHKPppED4Y_CUiYqU6GsoelnvJ3PcZeOmUWrVGmCMJY5USE5yhd-9_RI7IK96p25K6GL3w7-KqgVURNJfJrYQn5sqImPLDLE&amp;__tn__=*NK-R\">#Italia<\/a>; Mastodonte Show, de Italia\/Chile; y Petit, de <a href=\"https:\/\/www.facebook.com\/hashtag\/chile?__eep__=6&amp;__cft__[0]=AZVRJoeaE7r308s5qkTLt53j0KRxMzjeOYKcsD5jYqJ6mOg2XiAC__EELvmPC6EmArAX4cyymbYyX4p6CZ3BO5bc9oSA8dYzDgspHKPppED4Y_CUiYqU6GsoelnvJ3PcZeOmUWrVGmCMJY5USE5yhd-9_RI7IK96p25K6GL3w7-KqgVURNJfJrYQn5sqImPLDLE&amp;__tn__=*NK-R\">#Chile<\/a>.<\/p>\n\n\n\n<p>A su vez, por primera vez docentes y p\u00fablico en general tendr\u00e1n la posibilidad de tomar un Taller de Teatro orientado a la construcci\u00f3n de herramientas en este lenguaje. Adem\u00e1s habr\u00e1 un Taller de Teatro destinado a J\u00f3venes.<\/p>\n\n\n\n<p>SISMO es un proyecto de ASCUA (Unidad de Producci\u00f3n Art\u00edstica de Alumin\u00e9), en cogesti\u00f3n con la Municipalidad de Alumin\u00e9, el cual est\u00e1 Declarado de Inter\u00e9s Cultural y Educativo por el Concejo Deliberante de la Municipalidad de la localidad. A su vez, es auspiciado por la Honorable Legislatura del Neuqu\u00e9n y el Instituto Nacional del Teatro, y cocon el acompa\u00f1amiento de @corfone_sa, @hostel_cauquenes , Los Radales y las empresas locales.<\/p>\n\n\n\n<p><img loading=\"lazy\" decoding=\"async\" height=\"16\" width=\"16\" src=\"https:\/\/static.xx.fbcdn.net\/images\/emoji.php\/v9\/t2d\/1\/16\/1f3ac.png\" alt=\"????\"> La apertura del Festival Internacional se realizar\u00e1 el martes 10 de enero a las 20 horas en la Carpa de Circo montada sobre calle Olascoaga, Alumin\u00e9.<\/p>\n\n\n\n<figure class=\"wp-block-image size-large\"><a href=\"http:\/\/alumine.gob.ar\/aluminenoticias\/wp-content\/uploads\/2023\/05\/322394696_2369515283227311_5475469599731129342_n.jpg\" data-rel=\"lightbox-gallery-TbR4nvDf\" data-rl_title=\"\" data-rl_caption=\"\" title=\"\"><img loading=\"lazy\" decoding=\"async\" width=\"723\" height=\"1024\" src=\"http:\/\/alumine.gob.ar\/aluminenoticias\/wp-content\/uploads\/2023\/05\/322394696_2369515283227311_5475469599731129342_n-723x1024.jpg\" alt=\"\" class=\"wp-image-2813\" srcset=\"https:\/\/alumine.gob.ar\/aluminenoticias\/wp-content\/uploads\/2023\/05\/322394696_2369515283227311_5475469599731129342_n-723x1024.jpg 723w, https:\/\/alumine.gob.ar\/aluminenoticias\/wp-content\/uploads\/2023\/05\/322394696_2369515283227311_5475469599731129342_n-212x300.jpg 212w, https:\/\/alumine.gob.ar\/aluminenoticias\/wp-content\/uploads\/2023\/05\/322394696_2369515283227311_5475469599731129342_n-768x1087.jpg 768w, https:\/\/alumine.gob.ar\/aluminenoticias\/wp-content\/uploads\/2023\/05\/322394696_2369515283227311_5475469599731129342_n.jpg 904w\" sizes=\"auto, (max-width: 723px) 100vw, 723px\" \/><\/a><\/figure>\n","protected":false},"excerpt":{"rendered":"<p>Del 10 al 15 de enero Alumin\u00e9 Abra Ancha\/ Ruca Choroi \/ Poi Puc\u00f3n \/ \u00d1orquinco. SISMO es un Festival Internacional de Artes Esc\u00e9nicas que va por su V edici\u00f3n. Con el objetivo puesto&#46;&#46;&#46;<\/p>\n","protected":false},"author":2,"featured_media":0,"comment_status":"closed","ping_status":"closed","sticky":false,"template":"","format":"standard","meta":{"footnotes":"","_links_to":"","_links_to_target":""},"categories":[1],"tags":[],"class_list":["post-2812","post","type-post","status-publish","format-standard","hentry","category-noticias"],"jetpack_featured_media_url":"","_links":{"self":[{"href":"https:\/\/alumine.gob.ar\/aluminenoticias\/wp-json\/wp\/v2\/posts\/2812","targetHints":{"allow":["GET"]}}],"collection":[{"href":"https:\/\/alumine.gob.ar\/aluminenoticias\/wp-json\/wp\/v2\/posts"}],"about":[{"href":"https:\/\/alumine.gob.ar\/aluminenoticias\/wp-json\/wp\/v2\/types\/post"}],"author":[{"embeddable":true,"href":"https:\/\/alumine.gob.ar\/aluminenoticias\/wp-json\/wp\/v2\/users\/2"}],"replies":[{"embeddable":true,"href":"https:\/\/alumine.gob.ar\/aluminenoticias\/wp-json\/wp\/v2\/comments?post=2812"}],"version-history":[{"count":1,"href":"https:\/\/alumine.gob.ar\/aluminenoticias\/wp-json\/wp\/v2\/posts\/2812\/revisions"}],"predecessor-version":[{"id":2814,"href":"https:\/\/alumine.gob.ar\/aluminenoticias\/wp-json\/wp\/v2\/posts\/2812\/revisions\/2814"}],"wp:attachment":[{"href":"https:\/\/alumine.gob.ar\/aluminenoticias\/wp-json\/wp\/v2\/media?parent=2812"}],"wp:term":[{"taxonomy":"category","embeddable":true,"href":"https:\/\/alumine.gob.ar\/aluminenoticias\/wp-json\/wp\/v2\/categories?post=2812"},{"taxonomy":"post_tag","embeddable":true,"href":"https:\/\/alumine.gob.ar\/aluminenoticias\/wp-json\/wp\/v2\/tags?post=2812"}],"curies":[{"name":"wp","href":"https:\/\/api.w.org\/{rel}","templated":true}]}}