{"id":2815,"date":"2023-01-09T14:59:22","date_gmt":"2023-01-09T14:59:22","guid":{"rendered":"http:\/\/alumine.gob.ar\/aluminenoticias\/?p=2815"},"modified":"2023-05-29T15:10:23","modified_gmt":"2023-05-29T15:10:23","slug":"recoleccion-de-aceite-vegetal-usado","status":"publish","type":"post","link":"https:\/\/alumine.gob.ar\/aluminenoticias\/2023\/01\/09\/recoleccion-de-aceite-vegetal-usado\/","title":{"rendered":"RECOLECCI\u00d3N DE ACEITE VEGETAL USADO"},"content":{"rendered":"\n<p>El d\u00eda pasado mi\u00e9rcoles los guardas ambientales realizaron la recolecci\u00f3n de 540 litros de aceite vegetal usado (AVU), en diferentes comercios gastron\u00f3micos. Una vez que se recolecta, se envasa en maxi bidones de 1000 litros, y se transporta a empresas de la provincia que lo re utilizan como materia prima para la elaboraci\u00f3n de biodiesel.<\/p>\n\n\n\n<figure class=\"wp-block-image size-full\"><a href=\"http:\/\/alumine.gob.ar\/aluminenoticias\/wp-content\/uploads\/2023\/05\/321637561_973095277433798_4678319043957953822_n.jpg\" data-rel=\"lightbox-gallery-n1lgUkmv\" data-rl_title=\"\" data-rl_caption=\"\" title=\"\"><img loading=\"lazy\" decoding=\"async\" width=\"739\" height=\"738\" src=\"http:\/\/alumine.gob.ar\/aluminenoticias\/wp-content\/uploads\/2023\/05\/321637561_973095277433798_4678319043957953822_n.jpg\" alt=\"\" class=\"wp-image-2816\" srcset=\"https:\/\/alumine.gob.ar\/aluminenoticias\/wp-content\/uploads\/2023\/05\/321637561_973095277433798_4678319043957953822_n.jpg 739w, https:\/\/alumine.gob.ar\/aluminenoticias\/wp-content\/uploads\/2023\/05\/321637561_973095277433798_4678319043957953822_n-300x300.jpg 300w, https:\/\/alumine.gob.ar\/aluminenoticias\/wp-content\/uploads\/2023\/05\/321637561_973095277433798_4678319043957953822_n-150x150.jpg 150w, https:\/\/alumine.gob.ar\/aluminenoticias\/wp-content\/uploads\/2023\/05\/321637561_973095277433798_4678319043957953822_n-80x80.jpg 80w, https:\/\/alumine.gob.ar\/aluminenoticias\/wp-content\/uploads\/2023\/05\/321637561_973095277433798_4678319043957953822_n-320x320.jpg 320w\" sizes=\"auto, (max-width: 739px) 100vw, 739px\" \/><\/a><\/figure>\n\n\n\n<p><\/p>\n\n\n\n<p>Agradecemos a Sentido, Aoniken, La Morenaza, Crudo y Cocido, Los Radales y Rotiser\u00eda La Avenida, por la <a><\/a>correcta disposici\u00f3n de este residuo.<\/p>\n","protected":false},"excerpt":{"rendered":"<p>El d\u00eda pasado mi\u00e9rcoles los guardas ambientales realizaron la recolecci\u00f3n de 540 litros de aceite vegetal usado (AVU), en diferentes comercios gastron\u00f3micos. Una vez que se recolecta, se envasa en maxi bidones de 1000&#46;&#46;&#46;<\/p>\n","protected":false},"author":2,"featured_media":0,"comment_status":"closed","ping_status":"closed","sticky":false,"template":"","format":"standard","meta":{"footnotes":"","_links_to":"","_links_to_target":""},"categories":[1],"tags":[],"class_list":["post-2815","post","type-post","status-publish","format-standard","hentry","category-noticias"],"jetpack_featured_media_url":"","_links":{"self":[{"href":"https:\/\/alumine.gob.ar\/aluminenoticias\/wp-json\/wp\/v2\/posts\/2815","targetHints":{"allow":["GET"]}}],"collection":[{"href":"https:\/\/alumine.gob.ar\/aluminenoticias\/wp-json\/wp\/v2\/posts"}],"about":[{"href":"https:\/\/alumine.gob.ar\/aluminenoticias\/wp-json\/wp\/v2\/types\/post"}],"author":[{"embeddable":true,"href":"https:\/\/alumine.gob.ar\/aluminenoticias\/wp-json\/wp\/v2\/users\/2"}],"replies":[{"embeddable":true,"href":"https:\/\/alumine.gob.ar\/aluminenoticias\/wp-json\/wp\/v2\/comments?post=2815"}],"version-history":[{"count":1,"href":"https:\/\/alumine.gob.ar\/aluminenoticias\/wp-json\/wp\/v2\/posts\/2815\/revisions"}],"predecessor-version":[{"id":2817,"href":"https:\/\/alumine.gob.ar\/aluminenoticias\/wp-json\/wp\/v2\/posts\/2815\/revisions\/2817"}],"wp:attachment":[{"href":"https:\/\/alumine.gob.ar\/aluminenoticias\/wp-json\/wp\/v2\/media?parent=2815"}],"wp:term":[{"taxonomy":"category","embeddable":true,"href":"https:\/\/alumine.gob.ar\/aluminenoticias\/wp-json\/wp\/v2\/categories?post=2815"},{"taxonomy":"post_tag","embeddable":true,"href":"https:\/\/alumine.gob.ar\/aluminenoticias\/wp-json\/wp\/v2\/tags?post=2815"}],"curies":[{"name":"wp","href":"https:\/\/api.w.org\/{rel}","templated":true}]}}