{"id":2821,"date":"2023-01-03T15:12:59","date_gmt":"2023-01-03T15:12:59","guid":{"rendered":"http:\/\/alumine.gob.ar\/aluminenoticias\/?p=2821"},"modified":"2023-05-29T15:14:10","modified_gmt":"2023-05-29T15:14:10","slug":"sismo-festival-internacional-de-artes-escenicas-de-alumine-v-edicion","status":"publish","type":"post","link":"https:\/\/alumine.gob.ar\/aluminenoticias\/2023\/01\/03\/sismo-festival-internacional-de-artes-escenicas-de-alumine-v-edicion\/","title":{"rendered":"SISMO, FESTIVAL INTERNACIONAL DE ARTES ESC\u00c9NICAS DE ALUMIN\u00c9 &#8211; V EDICI\u00d3N"},"content":{"rendered":"\n<p>Del 10 al 15 de enero del 2023 &#8211; Alumin\u00e9 \/ Ruca Choroi \/ Poi Puc\u00f3n \/ \u00d1orquinco<\/p>\n\n\n\n<p>Durante seis d\u00edas el pueblo y los parajes de alrededores se ver\u00e1n inmersos en el Festival, se realizar\u00e1n actividades y funciones en la Casa de las Culturas de Alumin\u00e9, en el Centro de Visitantes y se montar\u00e1 una Carpa de Circo en el centro de dicha localidad.<\/p>\n\n\n\n<p>SISMO es un Festival Internacional de Artes Esc\u00e9nicas que va por su V edici\u00f3n. Con el objetivo puesto en que el Teatro llegue a todos los rincones posibles, se har\u00e1n funciones en el pueblo de Alumin\u00e9 y en las Escuelas Rurales de las Comunidades Mapuches de: Ruca Choroi, Pio Puc\u00f3n, Abra Ancha y \u00d1orquinco.<\/p>\n\n\n\n<p>Siguiendo este perfil, la programaci\u00f3n abarca una amplia variedad de espect\u00e1culos tanto nacionales como internacionales de teatro, danza y circo. Todas las actividades son de car\u00e1cter libre y los espect\u00e1culos al sobre. En el caso de las Comunidades Mapuches ser\u00e1n sedes: el CPEM N\u00ba 93 de Ruca Choroi, la Escuela Primaria N\u00ba 278 de Poi Puc\u00f3n, la Escuela Primaria N\u00ba 72 de \u00d1orquinco y la Escuela Primaria N\u00ba 209 de Abra Ancha. Garantizando que el Festival llegue a todos lados.<\/p>\n\n\n\n<p>Este a\u00f1o contar\u00e1 con la especial participaci\u00f3n de espect\u00e1culos nacionales como: La Royalle, de Rosario; Cardenal, de Bariloche; Un Par, de Fiske Menuco\/General; Meticulosos Recortes de Se\u00f1oritas Rancias, de Choele Choel; Los cielos de la Diabla,de Rosario; y La Aurora, de Lago Puelo. E internacionales: Kalabazi, de Suiza; Historieta de un abrazo, de Italia; Mastodonte Show, de Italia\/Chile; y Petit, de Chile.<\/p>\n\n\n\n<p>A su vez, por primera vez docentes y p\u00fablico en general tendr\u00e1n la posibilidad de tomar un Taller de Teatro orientado a la construcci\u00f3n de herramientas en este lenguaje. Adem\u00e1s habr\u00e1 un Taller de Teatro destinado a J\u00f3venes.<\/p>\n\n\n\n<p>Este es un proyecto de ASCUA, Unidad de Producci\u00f3n Art\u00edstica de Alumin\u00e9, en cogesti\u00f3n con la Municipalidad de Alumin\u00e9, est\u00e1 Declarado de Inter\u00e9s Cultural y Educativo por el Concejo Deliberante de la Municipalidad de Alumin\u00e9; es auspiciado por la Honorable Legislatura del Neuqu\u00e9n y el Instituto Nacional del Teatro, con el acompa\u00f1amiento de CORFONE, Hostel Cauquenes, Los Radales y las empresas locales.<\/p>\n\n\n\n<figure class=\"wp-block-image size-large\"><a href=\"http:\/\/alumine.gob.ar\/aluminenoticias\/wp-content\/uploads\/2023\/05\/323342553_1195406764516004_532001212562619693_n.png\" data-rel=\"lightbox-gallery-5fyPUskb\" data-rl_title=\"\" data-rl_caption=\"\" title=\"\"><img loading=\"lazy\" decoding=\"async\" width=\"1024\" height=\"1024\" src=\"http:\/\/alumine.gob.ar\/aluminenoticias\/wp-content\/uploads\/2023\/05\/323342553_1195406764516004_532001212562619693_n-1024x1024.png\" alt=\"\" class=\"wp-image-2822\" srcset=\"https:\/\/alumine.gob.ar\/aluminenoticias\/wp-content\/uploads\/2023\/05\/323342553_1195406764516004_532001212562619693_n-1024x1024.png 1024w, https:\/\/alumine.gob.ar\/aluminenoticias\/wp-content\/uploads\/2023\/05\/323342553_1195406764516004_532001212562619693_n-300x300.png 300w, https:\/\/alumine.gob.ar\/aluminenoticias\/wp-content\/uploads\/2023\/05\/323342553_1195406764516004_532001212562619693_n-150x150.png 150w, https:\/\/alumine.gob.ar\/aluminenoticias\/wp-content\/uploads\/2023\/05\/323342553_1195406764516004_532001212562619693_n-768x768.png 768w, https:\/\/alumine.gob.ar\/aluminenoticias\/wp-content\/uploads\/2023\/05\/323342553_1195406764516004_532001212562619693_n-80x80.png 80w, https:\/\/alumine.gob.ar\/aluminenoticias\/wp-content\/uploads\/2023\/05\/323342553_1195406764516004_532001212562619693_n-320x320.png 320w, https:\/\/alumine.gob.ar\/aluminenoticias\/wp-content\/uploads\/2023\/05\/323342553_1195406764516004_532001212562619693_n.png 1080w\" sizes=\"auto, (max-width: 1024px) 100vw, 1024px\" \/><\/a><\/figure>\n\n\n\n<p><\/p>\n","protected":false},"excerpt":{"rendered":"<p>Del 10 al 15 de enero del 2023 &#8211; Alumin\u00e9 \/ Ruca Choroi \/ Poi Puc\u00f3n \/ \u00d1orquinco Durante seis d\u00edas el pueblo y los parajes de alrededores se ver\u00e1n inmersos en el Festival,&#46;&#46;&#46;<\/p>\n","protected":false},"author":2,"featured_media":0,"comment_status":"closed","ping_status":"closed","sticky":false,"template":"","format":"standard","meta":{"footnotes":"","_links_to":"","_links_to_target":""},"categories":[1],"tags":[],"class_list":["post-2821","post","type-post","status-publish","format-standard","hentry","category-noticias"],"jetpack_featured_media_url":"","_links":{"self":[{"href":"https:\/\/alumine.gob.ar\/aluminenoticias\/wp-json\/wp\/v2\/posts\/2821","targetHints":{"allow":["GET"]}}],"collection":[{"href":"https:\/\/alumine.gob.ar\/aluminenoticias\/wp-json\/wp\/v2\/posts"}],"about":[{"href":"https:\/\/alumine.gob.ar\/aluminenoticias\/wp-json\/wp\/v2\/types\/post"}],"author":[{"embeddable":true,"href":"https:\/\/alumine.gob.ar\/aluminenoticias\/wp-json\/wp\/v2\/users\/2"}],"replies":[{"embeddable":true,"href":"https:\/\/alumine.gob.ar\/aluminenoticias\/wp-json\/wp\/v2\/comments?post=2821"}],"version-history":[{"count":1,"href":"https:\/\/alumine.gob.ar\/aluminenoticias\/wp-json\/wp\/v2\/posts\/2821\/revisions"}],"predecessor-version":[{"id":2823,"href":"https:\/\/alumine.gob.ar\/aluminenoticias\/wp-json\/wp\/v2\/posts\/2821\/revisions\/2823"}],"wp:attachment":[{"href":"https:\/\/alumine.gob.ar\/aluminenoticias\/wp-json\/wp\/v2\/media?parent=2821"}],"wp:term":[{"taxonomy":"category","embeddable":true,"href":"https:\/\/alumine.gob.ar\/aluminenoticias\/wp-json\/wp\/v2\/categories?post=2821"},{"taxonomy":"post_tag","embeddable":true,"href":"https:\/\/alumine.gob.ar\/aluminenoticias\/wp-json\/wp\/v2\/tags?post=2821"}],"curies":[{"name":"wp","href":"https:\/\/api.w.org\/{rel}","templated":true}]}}