{"id":2824,"date":"2022-12-30T15:14:46","date_gmt":"2022-12-30T15:14:46","guid":{"rendered":"http:\/\/alumine.gob.ar\/aluminenoticias\/?p=2824"},"modified":"2023-05-29T15:16:24","modified_gmt":"2023-05-29T15:16:24","slug":"asado-con-cuero-en-alumine","status":"publish","type":"post","link":"https:\/\/alumine.gob.ar\/aluminenoticias\/2022\/12\/30\/asado-con-cuero-en-alumine\/","title":{"rendered":"ASADO CON CUERO EN ALUMIN\u00c9"},"content":{"rendered":"\n<p><img loading=\"lazy\" decoding=\"async\" height=\"16\" width=\"16\" alt=\"????\" src=\"https:\/\/static.xx.fbcdn.net\/images\/emoji.php\/v9\/tc7\/1\/16\/1f9c9.png\">El pr\u00f3ximo 14 y 15 de enero Alumin\u00e9 inaugura el calendario provincial de Fiestas Populares revalorizando las tradiciones y costumbres camperas del departamento.<\/p>\n\n\n\n<p>Esta fiesta es organizada por el <a href=\"https:\/\/www.facebook.com\/profile.php?id=100064836305539&amp;__cft__[0]=AZXCZhF9ycv5BxJslITZnoqR6dt8PCLc08FPo5SyaNHvtNSjnDd8z4ei_ZD_BBZxEjGuRrvrFYfHrYtnZy9yvr2wpPN0M2kNj-yN61izy-p09c36od_NpwKgMI-36eW1A6iNejMr-gexsn67BSlcMuHpW5CxYv6dfXgZLTdByiodYlez55-UkkkpzeFSiu4rW3M&amp;__tn__=-]K-R\">Centro Tradicionalista El Cencerro- Alumine<\/a> y la Municipalidad de Alumin\u00e9, cuenta con el apoyo de la <a href=\"https:\/\/www.facebook.com\/LegislaturaNqn?__cft__[0]=AZXCZhF9ycv5BxJslITZnoqR6dt8PCLc08FPo5SyaNHvtNSjnDd8z4ei_ZD_BBZxEjGuRrvrFYfHrYtnZy9yvr2wpPN0M2kNj-yN61izy-p09c36od_NpwKgMI-36eW1A6iNejMr-gexsn67BSlcMuHpW5CxYv6dfXgZLTdByiodYlez55-UkkkpzeFSiu4rW3M&amp;__tn__=-]K-R\">Legislatura de Neuqu\u00e9n<\/a> y la colaboraci\u00f3n del Gobierno de Neuqu\u00e9n, en el marco del convenio de financiamiento para la promoci\u00f3n de la producci\u00f3n, el turismo sustentable y el desarrollo de industrias culturales, suscrito entre el <a href=\"https:\/\/www.facebook.com\/ConsejoFederalDeInversiones?__cft__[0]=AZXCZhF9ycv5BxJslITZnoqR6dt8PCLc08FPo5SyaNHvtNSjnDd8z4ei_ZD_BBZxEjGuRrvrFYfHrYtnZy9yvr2wpPN0M2kNj-yN61izy-p09c36od_NpwKgMI-36eW1A6iNejMr-gexsn67BSlcMuHpW5CxYv6dfXgZLTdByiodYlez55-UkkkpzeFSiu4rW3M&amp;__tn__=-]K-R\">Consejo Federal de Inversiones<\/a>, Copade Neuquen y el Ministerio de Turismo.<\/p>\n\n\n\n<figure class=\"wp-block-image size-large\"><a href=\"http:\/\/alumine.gob.ar\/aluminenoticias\/wp-content\/uploads\/2023\/05\/321431041_873505880466325_3729542783343379549_n.jpg\" data-rel=\"lightbox-gallery-qVTr6JMX\" data-rl_title=\"\" data-rl_caption=\"\" title=\"\"><img loading=\"lazy\" decoding=\"async\" width=\"1024\" height=\"676\" src=\"http:\/\/alumine.gob.ar\/aluminenoticias\/wp-content\/uploads\/2023\/05\/321431041_873505880466325_3729542783343379549_n-1024x676.jpg\" alt=\"\" class=\"wp-image-2825\" srcset=\"https:\/\/alumine.gob.ar\/aluminenoticias\/wp-content\/uploads\/2023\/05\/321431041_873505880466325_3729542783343379549_n-1024x676.jpg 1024w, https:\/\/alumine.gob.ar\/aluminenoticias\/wp-content\/uploads\/2023\/05\/321431041_873505880466325_3729542783343379549_n-300x198.jpg 300w, https:\/\/alumine.gob.ar\/aluminenoticias\/wp-content\/uploads\/2023\/05\/321431041_873505880466325_3729542783343379549_n-768x507.jpg 768w, https:\/\/alumine.gob.ar\/aluminenoticias\/wp-content\/uploads\/2023\/05\/321431041_873505880466325_3729542783343379549_n.jpg 1440w\" sizes=\"auto, (max-width: 1024px) 100vw, 1024px\" \/><\/a><\/figure>\n\n\n\n<p><\/p>\n\n\n\n<p><img loading=\"lazy\" decoding=\"async\" height=\"16\" width=\"16\" alt=\"????\" src=\"https:\/\/static.xx.fbcdn.net\/images\/emoji.php\/v9\/t5c\/1\/16\/1f5d3.png\"> La cita es el 14 y 15 de enero en el predio \u00abJuli\u00e1n Parra\u00bb, ubicado a <img loading=\"lazy\" decoding=\"async\" height=\"16\" width=\"16\" alt=\"????\" src=\"https:\/\/static.xx.fbcdn.net\/images\/emoji.php\/v9\/taa\/1\/16\/1f310.png\"> 3 kil\u00f3metros sobre el acceso norte de la localidad, margen izquierda del R\u00edo Ruca Choroy.<\/p>\n\n\n\n<p><img loading=\"lazy\" decoding=\"async\" height=\"16\" width=\"16\" src=\"https:\/\/static.xx.fbcdn.net\/images\/emoji.php\/v9\/t9e\/1\/16\/27a1.png\" alt=\"\u27a1\ufe0f\"><img loading=\"lazy\" decoding=\"async\" height=\"16\" width=\"16\" src=\"https:\/\/static.xx.fbcdn.net\/images\/emoji.php\/v9\/t7c\/1\/16\/1f52a.png\" alt=\"????\">Habr\u00e1 venta de asado con cuero, stands gastron\u00f3micos, artesan\u00edas, destrezas criollas<img loading=\"lazy\" decoding=\"async\" height=\"16\" width=\"16\" src=\"https:\/\/static.xx.fbcdn.net\/images\/emoji.php\/v9\/t1\/1\/16\/1f40e.png\" alt=\"????\">, jineteada y la \u00a1GRAN BAILANTA CAMPERA<img loading=\"lazy\" decoding=\"async\" height=\"16\" width=\"16\" src=\"https:\/\/static.xx.fbcdn.net\/images\/emoji.php\/v9\/tc7\/1\/16\/1f483.png\" alt=\"????\">!<\/p>\n\n\n\n<p><img loading=\"lazy\" decoding=\"async\" height=\"16\" width=\"16\" alt=\"????\u200d????\u200d????\u200d????\" src=\"https:\/\/static.xx.fbcdn.net\/images\/emoji.php\/v9\/tbc\/1\/16\/1f468_200d_1f469_200d_1f466_200d_1f466.png\"> Actividades para toda la familia y $1.000.000 en premios a repartir.<\/p>\n\n\n\n<p><img loading=\"lazy\" decoding=\"async\" height=\"16\" width=\"16\" alt=\"\u2714\ufe0f\" src=\"https:\/\/static.xx.fbcdn.net\/images\/emoji.php\/v9\/t51\/1\/16\/2714.png\">La porci\u00f3n de asado costar\u00e1 $2500.<\/p>\n\n\n\n<p><img loading=\"lazy\" decoding=\"async\" height=\"16\" width=\"16\" alt=\"????\" src=\"https:\/\/static.xx.fbcdn.net\/images\/emoji.php\/v9\/tdd\/1\/16\/1f4b3.png\"> Valor de la entrada $1000. Jubilados y jubiladas tienen 50% de descuento y menores de 12 a\u00f1os no pagan.<\/p>\n\n\n\n<p><img loading=\"lazy\" decoding=\"async\" height=\"16\" width=\"16\" alt=\"\u2714\ufe0f\" src=\"https:\/\/static.xx.fbcdn.net\/images\/emoji.php\/v9\/t51\/1\/16\/2714.png\">Convocatoria asadores <img loading=\"lazy\" decoding=\"async\" height=\"16\" width=\"16\" alt=\"????\" src=\"https:\/\/static.xx.fbcdn.net\/images\/emoji.php\/v9\/td8\/1\/16\/1f4f2.png\"><\/p>\n\n\n\n<p>2942-488744 -Fabi\u00e1n-<\/p>\n\n\n\n<p>2942-346508 -Miguel-<\/p>\n\n\n\n<p><img loading=\"lazy\" decoding=\"async\" height=\"16\" width=\"16\" alt=\"\u2714\ufe0f\" src=\"https:\/\/static.xx.fbcdn.net\/images\/emoji.php\/v9\/t51\/1\/16\/2714.png\">Convocatoria puesto de artesan\u00edas <img loading=\"lazy\" decoding=\"async\" height=\"16\" width=\"16\" alt=\"????\" src=\"https:\/\/static.xx.fbcdn.net\/images\/emoji.php\/v9\/td8\/1\/16\/1f4f2.png\"><\/p>\n\n\n\n<p>2944-215038 -Margarita-<\/p>\n","protected":false},"excerpt":{"rendered":"<p>El pr\u00f3ximo 14 y 15 de enero Alumin\u00e9 inaugura el calendario provincial de Fiestas Populares revalorizando las tradiciones y costumbres camperas del departamento. Esta fiesta es organizada por el Centro Tradicionalista El Cencerro- Alumine&#46;&#46;&#46;<\/p>\n","protected":false},"author":2,"featured_media":0,"comment_status":"closed","ping_status":"closed","sticky":false,"template":"","format":"standard","meta":{"footnotes":"","_links_to":"","_links_to_target":""},"categories":[1],"tags":[],"class_list":["post-2824","post","type-post","status-publish","format-standard","hentry","category-noticias"],"jetpack_featured_media_url":"","_links":{"self":[{"href":"https:\/\/alumine.gob.ar\/aluminenoticias\/wp-json\/wp\/v2\/posts\/2824","targetHints":{"allow":["GET"]}}],"collection":[{"href":"https:\/\/alumine.gob.ar\/aluminenoticias\/wp-json\/wp\/v2\/posts"}],"about":[{"href":"https:\/\/alumine.gob.ar\/aluminenoticias\/wp-json\/wp\/v2\/types\/post"}],"author":[{"embeddable":true,"href":"https:\/\/alumine.gob.ar\/aluminenoticias\/wp-json\/wp\/v2\/users\/2"}],"replies":[{"embeddable":true,"href":"https:\/\/alumine.gob.ar\/aluminenoticias\/wp-json\/wp\/v2\/comments?post=2824"}],"version-history":[{"count":1,"href":"https:\/\/alumine.gob.ar\/aluminenoticias\/wp-json\/wp\/v2\/posts\/2824\/revisions"}],"predecessor-version":[{"id":2826,"href":"https:\/\/alumine.gob.ar\/aluminenoticias\/wp-json\/wp\/v2\/posts\/2824\/revisions\/2826"}],"wp:attachment":[{"href":"https:\/\/alumine.gob.ar\/aluminenoticias\/wp-json\/wp\/v2\/media?parent=2824"}],"wp:term":[{"taxonomy":"category","embeddable":true,"href":"https:\/\/alumine.gob.ar\/aluminenoticias\/wp-json\/wp\/v2\/categories?post=2824"},{"taxonomy":"post_tag","embeddable":true,"href":"https:\/\/alumine.gob.ar\/aluminenoticias\/wp-json\/wp\/v2\/tags?post=2824"}],"curies":[{"name":"wp","href":"https:\/\/api.w.org\/{rel}","templated":true}]}}