{"id":2830,"date":"2022-12-23T15:19:06","date_gmt":"2022-12-23T15:19:06","guid":{"rendered":"http:\/\/alumine.gob.ar\/aluminenoticias\/?p=2830"},"modified":"2023-05-29T15:20:20","modified_gmt":"2023-05-29T15:20:20","slug":"el-progreso-tricampeon-de-la-liga-de-futbol","status":"publish","type":"post","link":"https:\/\/alumine.gob.ar\/aluminenoticias\/2022\/12\/23\/el-progreso-tricampeon-de-la-liga-de-futbol\/","title":{"rendered":"EL PROGRESO TRICAMPE\u00d3N DE LA LIGA DE F\u00daTBOL"},"content":{"rendered":"\n<p>Felicitaciones al club El Progreso por un nuevo triunfo y a cada equipo que particip\u00f3 de la Liga en todas las categor\u00edas.<\/p>\n\n\n\n<figure class=\"wp-block-image size-large\"><a href=\"http:\/\/alumine.gob.ar\/aluminenoticias\/wp-content\/uploads\/2023\/05\/320798106_695303412151520_4571865011725757091_n-1.jpg\" data-rel=\"lightbox-gallery-17gv0DL5\" data-rl_title=\"\" data-rl_caption=\"\" title=\"\"><img loading=\"lazy\" decoding=\"async\" width=\"1024\" height=\"634\" src=\"http:\/\/alumine.gob.ar\/aluminenoticias\/wp-content\/uploads\/2023\/05\/320798106_695303412151520_4571865011725757091_n-1-1024x634.jpg\" alt=\"\" class=\"wp-image-2833\" srcset=\"https:\/\/alumine.gob.ar\/aluminenoticias\/wp-content\/uploads\/2023\/05\/320798106_695303412151520_4571865011725757091_n-1-1024x634.jpg 1024w, https:\/\/alumine.gob.ar\/aluminenoticias\/wp-content\/uploads\/2023\/05\/320798106_695303412151520_4571865011725757091_n-1-300x186.jpg 300w, https:\/\/alumine.gob.ar\/aluminenoticias\/wp-content\/uploads\/2023\/05\/320798106_695303412151520_4571865011725757091_n-1-768x475.jpg 768w, https:\/\/alumine.gob.ar\/aluminenoticias\/wp-content\/uploads\/2023\/05\/320798106_695303412151520_4571865011725757091_n-1.jpg 1280w\" sizes=\"auto, (max-width: 1024px) 100vw, 1024px\" \/><\/a><\/figure>\n\n\n\n<p><\/p>\n\n\n\n<p>Gran labor de la Asociaci\u00f3n de F\u00fatbol de Alumin\u00e9, la comisi\u00f3n, la terna arbitral, planilleros, personal de salud, municipales, medios de comunicaci\u00f3n y vecinas y vecinos comprometidos con el deporte.<\/p>\n\n\n\n<p>Se destaca las iniciativas deportivas y el trabajo de las agrupaciones que buscan oportunidades para desarrollar el deporte en Alumin\u00e9.<\/p>\n\n\n\n<figure class=\"wp-block-image size-large\"><a href=\"http:\/\/alumine.gob.ar\/aluminenoticias\/wp-content\/uploads\/2023\/05\/320391984_510651667546425_7519322029025405802_n-1.jpg\" data-rel=\"lightbox-gallery-17gv0DL5\" data-rl_title=\"\" data-rl_caption=\"\" title=\"\"><img loading=\"lazy\" decoding=\"async\" width=\"1024\" height=\"640\" src=\"http:\/\/alumine.gob.ar\/aluminenoticias\/wp-content\/uploads\/2023\/05\/320391984_510651667546425_7519322029025405802_n-1-1024x640.jpg\" alt=\"\" class=\"wp-image-2834\" srcset=\"https:\/\/alumine.gob.ar\/aluminenoticias\/wp-content\/uploads\/2023\/05\/320391984_510651667546425_7519322029025405802_n-1-1024x640.jpg 1024w, https:\/\/alumine.gob.ar\/aluminenoticias\/wp-content\/uploads\/2023\/05\/320391984_510651667546425_7519322029025405802_n-1-300x188.jpg 300w, https:\/\/alumine.gob.ar\/aluminenoticias\/wp-content\/uploads\/2023\/05\/320391984_510651667546425_7519322029025405802_n-1-768x480.jpg 768w, https:\/\/alumine.gob.ar\/aluminenoticias\/wp-content\/uploads\/2023\/05\/320391984_510651667546425_7519322029025405802_n-1.jpg 1280w\" sizes=\"auto, (max-width: 1024px) 100vw, 1024px\" \/><\/a><\/figure>\n","protected":false},"excerpt":{"rendered":"<p>Felicitaciones al club El Progreso por un nuevo triunfo y a cada equipo que particip\u00f3 de la Liga en todas las categor\u00edas. Gran labor de la Asociaci\u00f3n de F\u00fatbol de Alumin\u00e9, la comisi\u00f3n, la&#46;&#46;&#46;<\/p>\n","protected":false},"author":2,"featured_media":0,"comment_status":"closed","ping_status":"closed","sticky":false,"template":"","format":"standard","meta":{"footnotes":"","_links_to":"","_links_to_target":""},"categories":[1],"tags":[],"class_list":["post-2830","post","type-post","status-publish","format-standard","hentry","category-noticias"],"jetpack_featured_media_url":"","_links":{"self":[{"href":"https:\/\/alumine.gob.ar\/aluminenoticias\/wp-json\/wp\/v2\/posts\/2830","targetHints":{"allow":["GET"]}}],"collection":[{"href":"https:\/\/alumine.gob.ar\/aluminenoticias\/wp-json\/wp\/v2\/posts"}],"about":[{"href":"https:\/\/alumine.gob.ar\/aluminenoticias\/wp-json\/wp\/v2\/types\/post"}],"author":[{"embeddable":true,"href":"https:\/\/alumine.gob.ar\/aluminenoticias\/wp-json\/wp\/v2\/users\/2"}],"replies":[{"embeddable":true,"href":"https:\/\/alumine.gob.ar\/aluminenoticias\/wp-json\/wp\/v2\/comments?post=2830"}],"version-history":[{"count":1,"href":"https:\/\/alumine.gob.ar\/aluminenoticias\/wp-json\/wp\/v2\/posts\/2830\/revisions"}],"predecessor-version":[{"id":2835,"href":"https:\/\/alumine.gob.ar\/aluminenoticias\/wp-json\/wp\/v2\/posts\/2830\/revisions\/2835"}],"wp:attachment":[{"href":"https:\/\/alumine.gob.ar\/aluminenoticias\/wp-json\/wp\/v2\/media?parent=2830"}],"wp:term":[{"taxonomy":"category","embeddable":true,"href":"https:\/\/alumine.gob.ar\/aluminenoticias\/wp-json\/wp\/v2\/categories?post=2830"},{"taxonomy":"post_tag","embeddable":true,"href":"https:\/\/alumine.gob.ar\/aluminenoticias\/wp-json\/wp\/v2\/tags?post=2830"}],"curies":[{"name":"wp","href":"https:\/\/api.w.org\/{rel}","templated":true}]}}