{"id":2836,"date":"2022-12-20T15:21:40","date_gmt":"2022-12-20T15:21:40","guid":{"rendered":"http:\/\/alumine.gob.ar\/aluminenoticias\/?p=2836"},"modified":"2023-05-29T15:22:53","modified_gmt":"2023-05-29T15:22:53","slug":"taller-hablemos-de-suicidio","status":"publish","type":"post","link":"https:\/\/alumine.gob.ar\/aluminenoticias\/2022\/12\/20\/taller-hablemos-de-suicidio\/","title":{"rendered":"TALLER \u201cHABLEMOS DE SUICIDIO\u201d"},"content":{"rendered":"\n<p>La Municipalidad de Alumin\u00e9 a trav\u00e9s de la Direcci\u00f3n de Ni\u00f1ez, Adolescencias y Juventudes y la Direcci\u00f3n de Entorno Adolescente de la provincia invitan a chicos y chicas, hoy 20 de diciembre a las 18 hs en la Secretar\u00eda de Ciudadania (Ex banco BPN) a participar de un encuentro para charlar sobre el \u201cSuicidio\u201d.<\/p>\n\n\n\n<p>La promoci\u00f3n de estos espacios implica el desarrollo de una escucha activa, la circulaci\u00f3n de la palabra y el despliegue de procesos de <a><\/a>construcci\u00f3n de confianza entre pares y con adultos\/as referentes, para acompa\u00f1ar y conocer las trayectorias de vida de los\/as adolescentes y, al mismo tiempo, anticipar e intervenir de manera oportuna ante situaciones que impacten negativamente en su salud.<\/p>\n\n\n\n<p>Es fundamental la construcci\u00f3n de v\u00ednculos saludables, de conocimiento y reconocimiento de los\/as otros\/as y de las diferencias, de construcci\u00f3n de sentidos de pertenencia y lazos de solidaridad, desde una perspectiva comunitaria.<\/p>\n\n\n\n<figure class=\"wp-block-image size-full\"><a href=\"http:\/\/alumine.gob.ar\/aluminenoticias\/wp-content\/uploads\/2023\/05\/321123422_400576482232995_7828531446901318088_n.jpg\" data-rel=\"lightbox-gallery-N8pzfB7r\" data-rl_title=\"\" data-rl_caption=\"\" title=\"\"><img loading=\"lazy\" decoding=\"async\" width=\"828\" height=\"687\" src=\"http:\/\/alumine.gob.ar\/aluminenoticias\/wp-content\/uploads\/2023\/05\/321123422_400576482232995_7828531446901318088_n.jpg\" alt=\"\" class=\"wp-image-2837\" srcset=\"https:\/\/alumine.gob.ar\/aluminenoticias\/wp-content\/uploads\/2023\/05\/321123422_400576482232995_7828531446901318088_n.jpg 828w, https:\/\/alumine.gob.ar\/aluminenoticias\/wp-content\/uploads\/2023\/05\/321123422_400576482232995_7828531446901318088_n-300x249.jpg 300w, https:\/\/alumine.gob.ar\/aluminenoticias\/wp-content\/uploads\/2023\/05\/321123422_400576482232995_7828531446901318088_n-768x637.jpg 768w\" sizes=\"auto, (max-width: 828px) 100vw, 828px\" \/><\/a><\/figure>\n\n\n\n<p><\/p>\n","protected":false},"excerpt":{"rendered":"<p>La Municipalidad de Alumin\u00e9 a trav\u00e9s de la Direcci\u00f3n de Ni\u00f1ez, Adolescencias y Juventudes y la Direcci\u00f3n de Entorno Adolescente de la provincia invitan a chicos y chicas, hoy 20 de diciembre a las&#46;&#46;&#46;<\/p>\n","protected":false},"author":2,"featured_media":0,"comment_status":"closed","ping_status":"closed","sticky":false,"template":"","format":"standard","meta":{"footnotes":"","_links_to":"","_links_to_target":""},"categories":[1],"tags":[],"class_list":["post-2836","post","type-post","status-publish","format-standard","hentry","category-noticias"],"jetpack_featured_media_url":"","_links":{"self":[{"href":"https:\/\/alumine.gob.ar\/aluminenoticias\/wp-json\/wp\/v2\/posts\/2836","targetHints":{"allow":["GET"]}}],"collection":[{"href":"https:\/\/alumine.gob.ar\/aluminenoticias\/wp-json\/wp\/v2\/posts"}],"about":[{"href":"https:\/\/alumine.gob.ar\/aluminenoticias\/wp-json\/wp\/v2\/types\/post"}],"author":[{"embeddable":true,"href":"https:\/\/alumine.gob.ar\/aluminenoticias\/wp-json\/wp\/v2\/users\/2"}],"replies":[{"embeddable":true,"href":"https:\/\/alumine.gob.ar\/aluminenoticias\/wp-json\/wp\/v2\/comments?post=2836"}],"version-history":[{"count":1,"href":"https:\/\/alumine.gob.ar\/aluminenoticias\/wp-json\/wp\/v2\/posts\/2836\/revisions"}],"predecessor-version":[{"id":2838,"href":"https:\/\/alumine.gob.ar\/aluminenoticias\/wp-json\/wp\/v2\/posts\/2836\/revisions\/2838"}],"wp:attachment":[{"href":"https:\/\/alumine.gob.ar\/aluminenoticias\/wp-json\/wp\/v2\/media?parent=2836"}],"wp:term":[{"taxonomy":"category","embeddable":true,"href":"https:\/\/alumine.gob.ar\/aluminenoticias\/wp-json\/wp\/v2\/categories?post=2836"},{"taxonomy":"post_tag","embeddable":true,"href":"https:\/\/alumine.gob.ar\/aluminenoticias\/wp-json\/wp\/v2\/tags?post=2836"}],"curies":[{"name":"wp","href":"https:\/\/api.w.org\/{rel}","templated":true}]}}