{"id":2929,"date":"2022-11-09T23:19:45","date_gmt":"2022-11-09T23:19:45","guid":{"rendered":"http:\/\/alumine.gob.ar\/aluminenoticias\/?p=2929"},"modified":"2023-05-30T23:20:47","modified_gmt":"2023-05-30T23:20:47","slug":"capacitacion-de-produccion-de-cerdos","status":"publish","type":"post","link":"https:\/\/alumine.gob.ar\/aluminenoticias\/2022\/11\/09\/capacitacion-de-produccion-de-cerdos\/","title":{"rendered":"CAPACITACI\u00d3N DE PRODUCCI\u00d3N DE CERDOS"},"content":{"rendered":"\n<p><img loading=\"lazy\" decoding=\"async\" height=\"16\" width=\"16\" src=\"https:\/\/static.xx.fbcdn.net\/images\/emoji.php\/v9\/tf1\/1\/16\/1f416.png\" alt=\"????\">\u200b El pr\u00f3ximo jueves 17 de noviembre se continuar\u00e1 con el ciclo de capacitaci\u00f3n de cerdos. En esta oportunidad se abordar\u00e1 el tema -Alimentaci\u00f3n-.<\/p>\n\n\n\n<figure class=\"wp-block-image size-large\"><a href=\"http:\/\/alumine.gob.ar\/aluminenoticias\/wp-content\/uploads\/2023\/05\/314582461_5726039044082928_9200664633340371080_n.jpg\" data-rel=\"lightbox-gallery-e1fMkkOi\" data-rl_title=\"\" data-rl_caption=\"\" title=\"\"><img loading=\"lazy\" decoding=\"async\" width=\"1024\" height=\"1024\" src=\"http:\/\/alumine.gob.ar\/aluminenoticias\/wp-content\/uploads\/2023\/05\/314582461_5726039044082928_9200664633340371080_n-1024x1024.jpg\" alt=\"\" class=\"wp-image-2930\" srcset=\"https:\/\/alumine.gob.ar\/aluminenoticias\/wp-content\/uploads\/2023\/05\/314582461_5726039044082928_9200664633340371080_n-1024x1024.jpg 1024w, https:\/\/alumine.gob.ar\/aluminenoticias\/wp-content\/uploads\/2023\/05\/314582461_5726039044082928_9200664633340371080_n-300x300.jpg 300w, https:\/\/alumine.gob.ar\/aluminenoticias\/wp-content\/uploads\/2023\/05\/314582461_5726039044082928_9200664633340371080_n-150x150.jpg 150w, https:\/\/alumine.gob.ar\/aluminenoticias\/wp-content\/uploads\/2023\/05\/314582461_5726039044082928_9200664633340371080_n-768x768.jpg 768w, https:\/\/alumine.gob.ar\/aluminenoticias\/wp-content\/uploads\/2023\/05\/314582461_5726039044082928_9200664633340371080_n-80x80.jpg 80w, https:\/\/alumine.gob.ar\/aluminenoticias\/wp-content\/uploads\/2023\/05\/314582461_5726039044082928_9200664633340371080_n-320x320.jpg 320w, https:\/\/alumine.gob.ar\/aluminenoticias\/wp-content\/uploads\/2023\/05\/314582461_5726039044082928_9200664633340371080_n.jpg 1080w\" sizes=\"auto, (max-width: 1024px) 100vw, 1024px\" \/><\/a><\/figure>\n\n\n\n<p><\/p>\n","protected":false},"excerpt":{"rendered":"<p>\u200b El pr\u00f3ximo jueves 17 de noviembre se continuar\u00e1 con el ciclo de capacitaci\u00f3n de cerdos. En esta oportunidad se abordar\u00e1 el tema -Alimentaci\u00f3n-.<\/p>\n","protected":false},"author":2,"featured_media":0,"comment_status":"closed","ping_status":"closed","sticky":false,"template":"","format":"standard","meta":{"footnotes":"","_links_to":"","_links_to_target":""},"categories":[1],"tags":[],"class_list":["post-2929","post","type-post","status-publish","format-standard","hentry","category-noticias"],"jetpack_featured_media_url":"","_links":{"self":[{"href":"https:\/\/alumine.gob.ar\/aluminenoticias\/wp-json\/wp\/v2\/posts\/2929","targetHints":{"allow":["GET"]}}],"collection":[{"href":"https:\/\/alumine.gob.ar\/aluminenoticias\/wp-json\/wp\/v2\/posts"}],"about":[{"href":"https:\/\/alumine.gob.ar\/aluminenoticias\/wp-json\/wp\/v2\/types\/post"}],"author":[{"embeddable":true,"href":"https:\/\/alumine.gob.ar\/aluminenoticias\/wp-json\/wp\/v2\/users\/2"}],"replies":[{"embeddable":true,"href":"https:\/\/alumine.gob.ar\/aluminenoticias\/wp-json\/wp\/v2\/comments?post=2929"}],"version-history":[{"count":1,"href":"https:\/\/alumine.gob.ar\/aluminenoticias\/wp-json\/wp\/v2\/posts\/2929\/revisions"}],"predecessor-version":[{"id":2931,"href":"https:\/\/alumine.gob.ar\/aluminenoticias\/wp-json\/wp\/v2\/posts\/2929\/revisions\/2931"}],"wp:attachment":[{"href":"https:\/\/alumine.gob.ar\/aluminenoticias\/wp-json\/wp\/v2\/media?parent=2929"}],"wp:term":[{"taxonomy":"category","embeddable":true,"href":"https:\/\/alumine.gob.ar\/aluminenoticias\/wp-json\/wp\/v2\/categories?post=2929"},{"taxonomy":"post_tag","embeddable":true,"href":"https:\/\/alumine.gob.ar\/aluminenoticias\/wp-json\/wp\/v2\/tags?post=2929"}],"curies":[{"name":"wp","href":"https:\/\/api.w.org\/{rel}","templated":true}]}}