{"id":2952,"date":"2022-10-29T23:31:38","date_gmt":"2022-10-29T23:31:38","guid":{"rendered":"http:\/\/alumine.gob.ar\/aluminenoticias\/?p=2952"},"modified":"2023-05-30T23:40:50","modified_gmt":"2023-05-30T23:40:50","slug":"finalizo-el-panamerican-extreme-kayak-awp","status":"publish","type":"post","link":"https:\/\/alumine.gob.ar\/aluminenoticias\/2022\/10\/29\/finalizo-el-panamerican-extreme-kayak-awp\/","title":{"rendered":"FINALIZ\u00d3 EL PANAMERICAN EXTREME KAYAK AWP"},"content":{"rendered":"\n<p>Las semifinales y finales del evento se disputaron hoy y tuvieron como escenario el Map\u00edo, en \u00d1orquinco.<\/p>\n\n\n\n<p>Agradecemos a las y los m\u00e1s de 30 competidores que se trasladaron desde R\u00edo Negro, Chubut, Mendoza, Tucum\u00e1n, Buenos Aires y de la Provincia de Neuqu\u00e9n, incluyendo a los palistas que representan a nuestra localidad.<\/p>\n\n\n\n<figure class=\"wp-block-image size-large is-resized\"><a href=\"http:\/\/alumine.gob.ar\/aluminenoticias\/wp-content\/uploads\/2023\/05\/313404757_5696289637057869_2958635562814012732_n.jpg\" data-rel=\"lightbox-gallery-wrAA1Mjf\" data-rl_title=\"\" data-rl_caption=\"\" title=\"\"><img loading=\"lazy\" decoding=\"async\" src=\"http:\/\/alumine.gob.ar\/aluminenoticias\/wp-content\/uploads\/2023\/05\/313404757_5696289637057869_2958635562814012732_n-1024x683.jpg\" alt=\"\" class=\"wp-image-2953\" width=\"533\" height=\"355\" srcset=\"https:\/\/alumine.gob.ar\/aluminenoticias\/wp-content\/uploads\/2023\/05\/313404757_5696289637057869_2958635562814012732_n-1024x683.jpg 1024w, https:\/\/alumine.gob.ar\/aluminenoticias\/wp-content\/uploads\/2023\/05\/313404757_5696289637057869_2958635562814012732_n-300x200.jpg 300w, https:\/\/alumine.gob.ar\/aluminenoticias\/wp-content\/uploads\/2023\/05\/313404757_5696289637057869_2958635562814012732_n-768x512.jpg 768w, https:\/\/alumine.gob.ar\/aluminenoticias\/wp-content\/uploads\/2023\/05\/313404757_5696289637057869_2958635562814012732_n-1536x1025.jpg 1536w, https:\/\/alumine.gob.ar\/aluminenoticias\/wp-content\/uploads\/2023\/05\/313404757_5696289637057869_2958635562814012732_n.jpg 2048w\" sizes=\"auto, (max-width: 533px) 100vw, 533px\" \/><\/a><\/figure>\n\n\n\n<p><\/p>\n\n\n\n<p><a><\/a>\u00a1Muchas gracias! a los y las organizadores locales, Club Andino Alumin\u00e9, compa\u00f1eros y compa\u00f1eras municipales, Ministerio de Turismo de la Provincia del Neuqu\u00e9n, Comunidad Lof \u00d1orquinco, Corporaci\u00f3n Interestadual Pulmar\u00ed, Prefectura, Polic\u00eda, Down Hill Alumin\u00e9, Los Radales y El Patio Cervecer\u00eda por hacer posible este evento.<\/p>\n\n\n\n<p>Gracias Gobernador <a href=\"https:\/\/www.facebook.com\/OmarGutierrezOk?__cft__[0]=AZWnfUxUDdAxaLilQwRovhzO5IlNY8Bn1vpLislDCtH4xme7_ObWlEqqiAb1OtYLIlVPRio6mOoZq-eHKrz5YOlQkQy-bTYkYof_yakKxjqcAUeEQtcCl9_tCCeSKFBnB-u4z-GBGHwpT27NGxg7Dw94BbBZXi-9Hw_dWNelSywUZ1mN34XrV2Xn8WE8Jvp5BLM&amp;__tn__=-]K-R\">Omar Gutierrez<\/a>, Ministro <a href=\"https:\/\/www.facebook.com\/sandrobadillaok?__cft__[0]=AZWnfUxUDdAxaLilQwRovhzO5IlNY8Bn1vpLislDCtH4xme7_ObWlEqqiAb1OtYLIlVPRio6mOoZq-eHKrz5YOlQkQy-bTYkYof_yakKxjqcAUeEQtcCl9_tCCeSKFBnB-u4z-GBGHwpT27NGxg7Dw94BbBZXi-9Hw_dWNelSywUZ1mN34XrV2Xn8WE8Jvp5BLM&amp;__tn__=-]K-R\">Sandro Badilla<\/a> , Intendente <a href=\"https:\/\/www.facebook.com\/IntendenteGabrielAlamo?__cft__[0]=AZWnfUxUDdAxaLilQwRovhzO5IlNY8Bn1vpLislDCtH4xme7_ObWlEqqiAb1OtYLIlVPRio6mOoZq-eHKrz5YOlQkQy-bTYkYof_yakKxjqcAUeEQtcCl9_tCCeSKFBnB-u4z-GBGHwpT27NGxg7Dw94BbBZXi-9Hw_dWNelSywUZ1mN34XrV2Xn8WE8Jvp5BLM&amp;__tn__=-]K-R\">Gabriel Alamo<\/a>, por la apuesta permanente al deporte y al turismo en nuestro destino.<\/p>\n\n\n\n<p>RESULTADOS PANAMERICANO <img loading=\"lazy\" decoding=\"async\" height=\"16\" width=\"16\" alt=\"????\" src=\"https:\/\/static.xx.fbcdn.net\/images\/emoji.php\/v9\/tbe\/1\/16\/1f3c6.png\">:<\/p>\n\n\n\n<p><img loading=\"lazy\" decoding=\"async\" height=\"16\" width=\"16\" alt=\"????\" src=\"https:\/\/static.xx.fbcdn.net\/images\/emoji.php\/v9\/t94\/1\/16\/1f947.png\">Ignacio Roberts.<\/p>\n\n\n\n<p><img loading=\"lazy\" decoding=\"async\" height=\"16\" width=\"16\" alt=\"????\" src=\"https:\/\/static.xx.fbcdn.net\/images\/emoji.php\/v9\/t15\/1\/16\/1f948.png\">Mart\u00edn Gutierrez.<\/p>\n\n\n\n<p><img loading=\"lazy\" decoding=\"async\" height=\"16\" width=\"16\" alt=\"????\" src=\"https:\/\/static.xx.fbcdn.net\/images\/emoji.php\/v9\/t96\/1\/16\/1f949.png\">Baltasar Funes.<\/p>\n\n\n\n<p>RESULTADOS <img loading=\"lazy\" decoding=\"async\" height=\"16\" width=\"16\" alt=\"????\" src=\"https:\/\/static.xx.fbcdn.net\/images\/emoji.php\/v9\/tbe\/1\/16\/1f3c6.png\">2DA FECHA DEL CAMPEONATO ARGENTINO:<\/p>\n\n\n\n<p>Open Men<\/p>\n\n\n\n<p><img loading=\"lazy\" decoding=\"async\" height=\"16\" width=\"16\" alt=\"????\" src=\"https:\/\/static.xx.fbcdn.net\/images\/emoji.php\/v9\/t94\/1\/16\/1f947.png\">Ignacio Roberts.<\/p>\n\n\n\n<p><img loading=\"lazy\" decoding=\"async\" height=\"16\" width=\"16\" alt=\"????\" src=\"https:\/\/static.xx.fbcdn.net\/images\/emoji.php\/v9\/t15\/1\/16\/1f948.png\"> Luciano P\u00e1ez.<\/p>\n\n\n\n<p><img loading=\"lazy\" decoding=\"async\" height=\"16\" width=\"16\" alt=\"????\" src=\"https:\/\/static.xx.fbcdn.net\/images\/emoji.php\/v9\/t96\/1\/16\/1f949.png\">Fabian Alejandro Bonanno.<\/p>\n\n\n\n<p>Master + 40 Men.<\/p>\n\n\n\n<p><img loading=\"lazy\" decoding=\"async\" height=\"16\" width=\"16\" alt=\"????\" src=\"https:\/\/static.xx.fbcdn.net\/images\/emoji.php\/v9\/t94\/1\/16\/1f947.png\">Fabio Marcelo Godoy.<\/p>\n\n\n\n<p><img loading=\"lazy\" decoding=\"async\" height=\"16\" width=\"16\" alt=\"????\" src=\"https:\/\/static.xx.fbcdn.net\/images\/emoji.php\/v9\/t15\/1\/16\/1f948.png\"> Ezequiel Leonardo Forti.<\/p>\n\n\n\n<p>Open Mujeres.<\/p>\n\n\n\n<p><img loading=\"lazy\" decoding=\"async\" height=\"16\" width=\"16\" alt=\"????\" src=\"https:\/\/static.xx.fbcdn.net\/images\/emoji.php\/v9\/t94\/1\/16\/1f947.png\"> Agua Leiva.<\/p>\n","protected":false},"excerpt":{"rendered":"<p>Las semifinales y finales del evento se disputaron hoy y tuvieron como escenario el Map\u00edo, en \u00d1orquinco. Agradecemos a las y los m\u00e1s de 30 competidores que se trasladaron desde R\u00edo Negro, Chubut, Mendoza,&#46;&#46;&#46;<\/p>\n","protected":false},"author":2,"featured_media":0,"comment_status":"closed","ping_status":"closed","sticky":false,"template":"","format":"standard","meta":{"footnotes":"","_links_to":"","_links_to_target":""},"categories":[1],"tags":[],"class_list":["post-2952","post","type-post","status-publish","format-standard","hentry","category-noticias"],"jetpack_featured_media_url":"","_links":{"self":[{"href":"https:\/\/alumine.gob.ar\/aluminenoticias\/wp-json\/wp\/v2\/posts\/2952","targetHints":{"allow":["GET"]}}],"collection":[{"href":"https:\/\/alumine.gob.ar\/aluminenoticias\/wp-json\/wp\/v2\/posts"}],"about":[{"href":"https:\/\/alumine.gob.ar\/aluminenoticias\/wp-json\/wp\/v2\/types\/post"}],"author":[{"embeddable":true,"href":"https:\/\/alumine.gob.ar\/aluminenoticias\/wp-json\/wp\/v2\/users\/2"}],"replies":[{"embeddable":true,"href":"https:\/\/alumine.gob.ar\/aluminenoticias\/wp-json\/wp\/v2\/comments?post=2952"}],"version-history":[{"count":1,"href":"https:\/\/alumine.gob.ar\/aluminenoticias\/wp-json\/wp\/v2\/posts\/2952\/revisions"}],"predecessor-version":[{"id":2954,"href":"https:\/\/alumine.gob.ar\/aluminenoticias\/wp-json\/wp\/v2\/posts\/2952\/revisions\/2954"}],"wp:attachment":[{"href":"https:\/\/alumine.gob.ar\/aluminenoticias\/wp-json\/wp\/v2\/media?parent=2952"}],"wp:term":[{"taxonomy":"category","embeddable":true,"href":"https:\/\/alumine.gob.ar\/aluminenoticias\/wp-json\/wp\/v2\/categories?post=2952"},{"taxonomy":"post_tag","embeddable":true,"href":"https:\/\/alumine.gob.ar\/aluminenoticias\/wp-json\/wp\/v2\/tags?post=2952"}],"curies":[{"name":"wp","href":"https:\/\/api.w.org\/{rel}","templated":true}]}}