{"id":2961,"date":"2022-10-28T01:25:44","date_gmt":"2022-10-28T01:25:44","guid":{"rendered":"http:\/\/alumine.gob.ar\/aluminenoticias\/?p=2961"},"modified":"2023-05-31T02:05:11","modified_gmt":"2023-05-31T02:05:11","slug":"comienza-la-temporada-de-pesca-deportiva-en-alumine","status":"publish","type":"post","link":"https:\/\/alumine.gob.ar\/aluminenoticias\/2022\/10\/28\/comienza-la-temporada-de-pesca-deportiva-en-alumine\/","title":{"rendered":"COMIENZA LA TEMPORADA DE PESCA DEPORTIVA EN ALUMIN\u00c9"},"content":{"rendered":"\n<p>El lanzamiento oficial se realizar\u00e1 el 1 de noviembre en el Balneario Municipal.<\/p>\n\n\n\n<figure class=\"wp-block-image size-large\"><a href=\"http:\/\/alumine.gob.ar\/aluminenoticias\/wp-content\/uploads\/2023\/05\/313408926_5692617474091752_1623258834685490662_n-1.jpg\" data-rel=\"lightbox-gallery-GI7pY80O\" data-rl_title=\"\" data-rl_caption=\"\" title=\"\"><img loading=\"lazy\" decoding=\"async\" width=\"1024\" height=\"968\" src=\"http:\/\/alumine.gob.ar\/aluminenoticias\/wp-content\/uploads\/2023\/05\/313408926_5692617474091752_1623258834685490662_n-1-1024x968.jpg\" alt=\"\" class=\"wp-image-2964\" srcset=\"https:\/\/alumine.gob.ar\/aluminenoticias\/wp-content\/uploads\/2023\/05\/313408926_5692617474091752_1623258834685490662_n-1-1024x968.jpg 1024w, https:\/\/alumine.gob.ar\/aluminenoticias\/wp-content\/uploads\/2023\/05\/313408926_5692617474091752_1623258834685490662_n-1-300x284.jpg 300w, https:\/\/alumine.gob.ar\/aluminenoticias\/wp-content\/uploads\/2023\/05\/313408926_5692617474091752_1623258834685490662_n-1-768x726.jpg 768w, https:\/\/alumine.gob.ar\/aluminenoticias\/wp-content\/uploads\/2023\/05\/313408926_5692617474091752_1623258834685490662_n-1.jpg 1440w\" sizes=\"auto, (max-width: 1024px) 100vw, 1024px\" \/><\/a><\/figure>\n\n\n\n<p><\/p>\n\n\n\n<p>Desde este martes estar\u00e1 permitido pescar en toda la provincia del Neuqu\u00e9n. En nuestro destino la presentaci\u00f3n ser\u00e1 a las 10:00 hs sobre el emblem\u00e1tico R\u00edo Alumin\u00e9. Las actividades est\u00e1n previstas hasta las 15:30 hs aproximadamente y comenzar\u00e1n con una ceremonia de apertura, acompa\u00f1ada de una flotada.<\/p>\n\n\n\n<p><a><\/a>Cerca de las 11:00 hs, el cuerpo de Guardafaunas estar\u00e1 a cargo de la charla \u201cReglamentaci\u00f3n y manipulaci\u00f3n de salm\u00f3nidos\u201d, que ofrecer\u00e1 herramientas para la concientizaci\u00f3n y preservaci\u00f3n de los peces. A las 12:00 hs, gu\u00edas de pesca locales realizar\u00e1n una cl\u00ednica de pesca, gran oportunidad para adquirir conocimientos sobre una de las actividades m\u00e1s importantes de la oferta tur\u00edstica de nuestro destino. Para ello, habr\u00e1 ca\u00f1as de pesca disponibles para qui\u00e9nes no cuenten con una para realizar la actividad.<\/p>\n\n\n\n<p>Cabe destacar que el C.E.A.N, Centro de Ecolog\u00eda Aplicada de Neuqu\u00e9n estar\u00e1 presente en el lugar, con el stand \u201cVariedad de especies \u00edcticas en la Provincia del Neuqu\u00e9n\u201d.<\/p>\n\n\n\n<p><img loading=\"lazy\" decoding=\"async\" alt=\"\u2139\ufe0f\" src=\"https:\/\/static.xx.fbcdn.net\/images\/emoji.php\/v9\/t8e\/1\/16\/2139.png\" width=\"16\" height=\"16\">El permiso de pesca puede adquirirse \u00fanicamente a trav\u00e9s de la p\u00e1gina oficial <a href=\"https:\/\/l.facebook.com\/l.php?u=http%3A%2F%2Fwww.cazaypesca.com.ar%2F%3Ffbclid%3DIwAR0PPMRa5KcmTcz68caQa0NP6Spg7Rjb9fNDoMnxRzmwhIA0qfTvkmWwElc&amp;h=AT2lqvziNw1BxXuELKEWG44hCArbw5Fky19hsqApu3wl5SHL6PbSMHlyrlH2x0JPPE6L6ZSSzLQIVL2xoUKUzCEALmr7SIQp0CJatC4lNVAFyjmbTtLW-Lpn57ik&amp;__tn__=-UK-R&amp;c[0]=AT3jFP1fKvNPw3CpzhJifO1Tt7yAHxU_FqBqay7gRNoF03qY1LORaF9AUnL5H9vO_4ARHDRzytNhGqZPYAXDzoCxCgXBWoKnOGvnytStbe9jABLQ8a0hHzTOrDi9MD2p4abeRspFg63rXyBuaD07cVwDbjQEZ7sgMKYR6iiqaL8ZhF-xnfo89z_ZrdBjiftGtlAhEOUK3dnKWg\" rel=\"noreferrer noopener\" target=\"_blank\">www.cazaypesca.com.ar<\/a> y el reglamento de pesca deportiva para la temporada 2022\/2023 se encuentra disponible para la descarga en <a href=\"https:\/\/l.facebook.com\/l.php?u=http%3A%2F%2Fwww.reglamentodepesca.org.ar%2F%3Ffbclid%3DIwAR2rKPDOEoCRZcnrpvwEPePAODoW6tEqUNfW4_-gGUiB7MDisP0cLZy3ztI&amp;h=AT0LvDswqlsiTppDlKjruxMVAMwAE-NteFCgy3pZnD_40Adya9tG7OU0vCvHkb7i2Z6kszpKr98-SbzllsJ0l5tdhQw44s2_JDfCArlZqGWAkxb6PqHO9_9SlcV-&amp;__tn__=-UK-R&amp;c[0]=AT3jFP1fKvNPw3CpzhJifO1Tt7yAHxU_FqBqay7gRNoF03qY1LORaF9AUnL5H9vO_4ARHDRzytNhGqZPYAXDzoCxCgXBWoKnOGvnytStbe9jABLQ8a0hHzTOrDi9MD2p4abeRspFg63rXyBuaD07cVwDbjQEZ7sgMKYR6iiqaL8ZhF-xnfo89z_ZrdBjiftGtlAhEOUK3dnKWg\" rel=\"noreferrer noopener\" target=\"_blank\">www.reglamentodepesca.org.ar<\/a><\/p>\n","protected":false},"excerpt":{"rendered":"<p>El lanzamiento oficial se realizar\u00e1 el 1 de noviembre en el Balneario Municipal. Desde este martes estar\u00e1 permitido pescar en toda la provincia del Neuqu\u00e9n. En nuestro destino la presentaci\u00f3n ser\u00e1 a las 10:00&#46;&#46;&#46;<\/p>\n","protected":false},"author":2,"featured_media":0,"comment_status":"closed","ping_status":"closed","sticky":false,"template":"","format":"standard","meta":{"footnotes":"","_links_to":"","_links_to_target":""},"categories":[1],"tags":[30,433,492,79],"class_list":["post-2961","post","type-post","status-publish","format-standard","hentry","category-noticias","tag-alumine","tag-neuquen","tag-pesca","tag-temporada-de-pesca"],"jetpack_featured_media_url":"","_links":{"self":[{"href":"https:\/\/alumine.gob.ar\/aluminenoticias\/wp-json\/wp\/v2\/posts\/2961","targetHints":{"allow":["GET"]}}],"collection":[{"href":"https:\/\/alumine.gob.ar\/aluminenoticias\/wp-json\/wp\/v2\/posts"}],"about":[{"href":"https:\/\/alumine.gob.ar\/aluminenoticias\/wp-json\/wp\/v2\/types\/post"}],"author":[{"embeddable":true,"href":"https:\/\/alumine.gob.ar\/aluminenoticias\/wp-json\/wp\/v2\/users\/2"}],"replies":[{"embeddable":true,"href":"https:\/\/alumine.gob.ar\/aluminenoticias\/wp-json\/wp\/v2\/comments?post=2961"}],"version-history":[{"count":1,"href":"https:\/\/alumine.gob.ar\/aluminenoticias\/wp-json\/wp\/v2\/posts\/2961\/revisions"}],"predecessor-version":[{"id":2965,"href":"https:\/\/alumine.gob.ar\/aluminenoticias\/wp-json\/wp\/v2\/posts\/2961\/revisions\/2965"}],"wp:attachment":[{"href":"https:\/\/alumine.gob.ar\/aluminenoticias\/wp-json\/wp\/v2\/media?parent=2961"}],"wp:term":[{"taxonomy":"category","embeddable":true,"href":"https:\/\/alumine.gob.ar\/aluminenoticias\/wp-json\/wp\/v2\/categories?post=2961"},{"taxonomy":"post_tag","embeddable":true,"href":"https:\/\/alumine.gob.ar\/aluminenoticias\/wp-json\/wp\/v2\/tags?post=2961"}],"curies":[{"name":"wp","href":"https:\/\/api.w.org\/{rel}","templated":true}]}}