{"id":3858,"date":"2021-09-16T16:42:43","date_gmt":"2021-09-16T16:42:43","guid":{"rendered":"http:\/\/alumine.gob.ar\/aluminenoticias\/?p=3858"},"modified":"2023-06-02T16:43:23","modified_gmt":"2023-06-02T16:43:23","slug":"limpieza-del-parque-lineal-2","status":"publish","type":"post","link":"https:\/\/alumine.gob.ar\/aluminenoticias\/2021\/09\/16\/limpieza-del-parque-lineal-2\/","title":{"rendered":"LIMPIEZA DEL PARQUE LINEAL"},"content":{"rendered":"\n<p><img loading=\"lazy\" decoding=\"async\" height=\"16\" width=\"16\" src=\"https:\/\/static.xx.fbcdn.net\/images\/emoji.php\/v9\/t65\/1\/16\/1f64b_1f3fb_200d_2640.png\" alt=\"????????\u200d\u2640\ufe0f\"><img loading=\"lazy\" decoding=\"async\" height=\"16\" width=\"16\" src=\"https:\/\/static.xx.fbcdn.net\/images\/emoji.php\/v9\/tf7\/1\/16\/1f64b_1f3fb.png\" alt=\"????????\">El cuerpo de Guardas Ambientales dependiente de la Secretar\u00eda de Producci\u00f3n y Ambiente de la Municipalidad de Alumin\u00e9, se encuentra realizando una limpieza en la zona del parque lineal, que comenz\u00f3 hace cuatro d\u00edas y que seguir\u00e1 durante el transcurso de la semana.<\/p>\n\n\n\n<figure class=\"wp-block-image size-full\"><a href=\"http:\/\/alumine.gob.ar\/aluminenoticias\/wp-content\/uploads\/2023\/06\/242000965_4454513951235450_5515455362635824209_n.jpg\" data-rel=\"lightbox-gallery-t5xpC0m1\" data-rl_title=\"\" data-rl_caption=\"\" title=\"\"><img loading=\"lazy\" decoding=\"async\" width=\"720\" height=\"960\" src=\"http:\/\/alumine.gob.ar\/aluminenoticias\/wp-content\/uploads\/2023\/06\/242000965_4454513951235450_5515455362635824209_n.jpg\" alt=\"\" class=\"wp-image-3859\" srcset=\"https:\/\/alumine.gob.ar\/aluminenoticias\/wp-content\/uploads\/2023\/06\/242000965_4454513951235450_5515455362635824209_n.jpg 720w, https:\/\/alumine.gob.ar\/aluminenoticias\/wp-content\/uploads\/2023\/06\/242000965_4454513951235450_5515455362635824209_n-225x300.jpg 225w\" sizes=\"auto, (max-width: 720px) 100vw, 720px\" \/><\/a><\/figure>\n\n\n\n<p><\/p>\n\n\n\n<p>En esta limpieza los guardas pudieron recolectar: vidrios, cart\u00f3n, latas, bolsas de pl\u00e1stico, tela, neum\u00e1ticos, chapas de cart\u00f3n, entre otros.<\/p>\n\n\n\n<p><img loading=\"lazy\" decoding=\"async\" height=\"16\" width=\"16\" alt=\"????\" src=\"https:\/\/static.xx.fbcdn.net\/images\/emoji.php\/v9\/t24\/1\/16\/1f590.png\"> Se solicita a la comunidad que CUIDEN y MANTENGAN la limpieza de este espacio p\u00fablico.<\/p>\n","protected":false},"excerpt":{"rendered":"<p>El cuerpo de Guardas Ambientales dependiente de la Secretar\u00eda de Producci\u00f3n y Ambiente de la Municipalidad de Alumin\u00e9, se encuentra realizando una limpieza en la zona del parque lineal, que comenz\u00f3 hace cuatro d\u00edas&#46;&#46;&#46;<\/p>\n","protected":false},"author":2,"featured_media":0,"comment_status":"closed","ping_status":"closed","sticky":false,"template":"","format":"standard","meta":{"footnotes":"","_links_to":"","_links_to_target":""},"categories":[1],"tags":[],"class_list":["post-3858","post","type-post","status-publish","format-standard","hentry","category-noticias"],"jetpack_featured_media_url":"","_links":{"self":[{"href":"https:\/\/alumine.gob.ar\/aluminenoticias\/wp-json\/wp\/v2\/posts\/3858","targetHints":{"allow":["GET"]}}],"collection":[{"href":"https:\/\/alumine.gob.ar\/aluminenoticias\/wp-json\/wp\/v2\/posts"}],"about":[{"href":"https:\/\/alumine.gob.ar\/aluminenoticias\/wp-json\/wp\/v2\/types\/post"}],"author":[{"embeddable":true,"href":"https:\/\/alumine.gob.ar\/aluminenoticias\/wp-json\/wp\/v2\/users\/2"}],"replies":[{"embeddable":true,"href":"https:\/\/alumine.gob.ar\/aluminenoticias\/wp-json\/wp\/v2\/comments?post=3858"}],"version-history":[{"count":1,"href":"https:\/\/alumine.gob.ar\/aluminenoticias\/wp-json\/wp\/v2\/posts\/3858\/revisions"}],"predecessor-version":[{"id":3860,"href":"https:\/\/alumine.gob.ar\/aluminenoticias\/wp-json\/wp\/v2\/posts\/3858\/revisions\/3860"}],"wp:attachment":[{"href":"https:\/\/alumine.gob.ar\/aluminenoticias\/wp-json\/wp\/v2\/media?parent=3858"}],"wp:term":[{"taxonomy":"category","embeddable":true,"href":"https:\/\/alumine.gob.ar\/aluminenoticias\/wp-json\/wp\/v2\/categories?post=3858"},{"taxonomy":"post_tag","embeddable":true,"href":"https:\/\/alumine.gob.ar\/aluminenoticias\/wp-json\/wp\/v2\/tags?post=3858"}],"curies":[{"name":"wp","href":"https:\/\/api.w.org\/{rel}","templated":true}]}}