{"id":3864,"date":"2021-09-05T16:44:22","date_gmt":"2021-09-05T16:44:22","guid":{"rendered":"http:\/\/alumine.gob.ar\/aluminenoticias\/?p=3864"},"modified":"2023-06-02T16:44:59","modified_gmt":"2023-06-02T16:44:59","slug":"feliz-dia-de-las-infancias","status":"publish","type":"post","link":"https:\/\/alumine.gob.ar\/aluminenoticias\/2021\/09\/05\/feliz-dia-de-las-infancias\/","title":{"rendered":"FELIZ D\u00cdA DE LAS INFANCIAS"},"content":{"rendered":"\n<p>Realizamos entre ayer y hoy la entrega de presentes a las y los ni\u00f1os de <a href=\"https:\/\/www.facebook.com\/hashtag\/alumin%C3%A9?__eep__=6&amp;__cft__[0]=AZWU83JT2OB5duHZhT48nFgYK85Y9TmQDsrRxR4e8FfGtm1wgB38IBC4_Ua8tzdN5UxQpGkGN95goV7WvrldAFCXMYCZjSzEtz8xOGLnmsflLSn6HXNGzL64e8YEnjb_qZc&amp;__tn__=*NK-R\">#Alumin\u00e9<\/a>.<\/p>\n\n\n\n<p>Como cierre de esta actividad queremos agradecer a las familias que decoraron sus puertas y nos acompa\u00f1aron con alegr\u00eda y sonrisas. Tambi\u00e9n a Gendarmer\u00eda, Incendios y las personas que voluntariamente nos ayudaron durante todo este tiempo.<\/p>\n\n\n\n<figure class=\"wp-block-image size-full\"><a href=\"http:\/\/alumine.gob.ar\/aluminenoticias\/wp-content\/uploads\/2023\/06\/240734169_4421344727885706_1174455309724234735_n.jpg\" data-rel=\"lightbox-gallery-lIUtemwq\" data-rl_title=\"\" data-rl_caption=\"\" title=\"\"><img loading=\"lazy\" decoding=\"async\" width=\"960\" height=\"640\" src=\"http:\/\/alumine.gob.ar\/aluminenoticias\/wp-content\/uploads\/2023\/06\/240734169_4421344727885706_1174455309724234735_n.jpg\" alt=\"\" class=\"wp-image-3865\" srcset=\"https:\/\/alumine.gob.ar\/aluminenoticias\/wp-content\/uploads\/2023\/06\/240734169_4421344727885706_1174455309724234735_n.jpg 960w, https:\/\/alumine.gob.ar\/aluminenoticias\/wp-content\/uploads\/2023\/06\/240734169_4421344727885706_1174455309724234735_n-300x200.jpg 300w, https:\/\/alumine.gob.ar\/aluminenoticias\/wp-content\/uploads\/2023\/06\/240734169_4421344727885706_1174455309724234735_n-768x512.jpg 768w\" sizes=\"auto, (max-width: 960px) 100vw, 960px\" \/><\/a><\/figure>\n\n\n\n<p><\/p>\n\n\n\n<p>Finalmente una menci\u00f3n especial al equipo municipal que durante dos d\u00edas se pusieron a disposici\u00f3n para llegar a cada vivienda.<\/p>\n","protected":false},"excerpt":{"rendered":"<p>Realizamos entre ayer y hoy la entrega de presentes a las y los ni\u00f1os de #Alumin\u00e9. Como cierre de esta actividad queremos agradecer a las familias que decoraron sus puertas y nos acompa\u00f1aron con&#46;&#46;&#46;<\/p>\n","protected":false},"author":2,"featured_media":0,"comment_status":"closed","ping_status":"closed","sticky":false,"template":"","format":"standard","meta":{"footnotes":"","_links_to":"","_links_to_target":""},"categories":[1],"tags":[],"class_list":["post-3864","post","type-post","status-publish","format-standard","hentry","category-noticias"],"jetpack_featured_media_url":"","_links":{"self":[{"href":"https:\/\/alumine.gob.ar\/aluminenoticias\/wp-json\/wp\/v2\/posts\/3864","targetHints":{"allow":["GET"]}}],"collection":[{"href":"https:\/\/alumine.gob.ar\/aluminenoticias\/wp-json\/wp\/v2\/posts"}],"about":[{"href":"https:\/\/alumine.gob.ar\/aluminenoticias\/wp-json\/wp\/v2\/types\/post"}],"author":[{"embeddable":true,"href":"https:\/\/alumine.gob.ar\/aluminenoticias\/wp-json\/wp\/v2\/users\/2"}],"replies":[{"embeddable":true,"href":"https:\/\/alumine.gob.ar\/aluminenoticias\/wp-json\/wp\/v2\/comments?post=3864"}],"version-history":[{"count":1,"href":"https:\/\/alumine.gob.ar\/aluminenoticias\/wp-json\/wp\/v2\/posts\/3864\/revisions"}],"predecessor-version":[{"id":3866,"href":"https:\/\/alumine.gob.ar\/aluminenoticias\/wp-json\/wp\/v2\/posts\/3864\/revisions\/3866"}],"wp:attachment":[{"href":"https:\/\/alumine.gob.ar\/aluminenoticias\/wp-json\/wp\/v2\/media?parent=3864"}],"wp:term":[{"taxonomy":"category","embeddable":true,"href":"https:\/\/alumine.gob.ar\/aluminenoticias\/wp-json\/wp\/v2\/categories?post=3864"},{"taxonomy":"post_tag","embeddable":true,"href":"https:\/\/alumine.gob.ar\/aluminenoticias\/wp-json\/wp\/v2\/tags?post=3864"}],"curies":[{"name":"wp","href":"https:\/\/api.w.org\/{rel}","templated":true}]}}